{"id":3006,"date":"2011-08-10T10:00:19","date_gmt":"2011-08-10T13:00:19","guid":{"rendered":"http:\/\/radiofobia.com.br\/?p=3006"},"modified":"2022-03-13T18:19:24","modified_gmt":"2022-03-13T21:19:24","slug":"radiofobia-63-vamos-abrir-as-portas-da-esperanca","status":"publish","type":"post","link":"https:\/\/radiofobia.com.br\/podcast\/2011\/08\/radiofobia-63-vamos-abrir-as-portas-da-esperanca\/","title":{"rendered":"RADIOFOBIA 63 &#8211; Vamos abrir as Portas da Esperan\u00e7a!"},"content":{"rendered":"<p><iframe title=\"RADIOFOBIA 63 \u2013 Vamos abrir as Portas da Esperan\u00e7a!\" src=\"https:\/\/omny.fm\/shows\/radiofobia-podcast\/radiofobia-63-vamos-abrir-as-portas-da-esperan-a\/embed\" width=\"100%\" height=\"180\" frameborder=\"0\"><\/iframe><\/p>\n<p>No pograma de hoje, <strong><a href=\"http:\/\/twitter.com\/leoradiofobia\" target=\"_blank\" rel=\"noopener\">Leo Lopes<\/a><\/strong>, <strong><a href=\"http:\/\/twitter.com\/danielamonteiro\" target=\"_blank\" rel=\"noopener\">Daniela Monteiro<\/a><\/strong> e <strong><a href=\"http:\/\/twitter.com\/vivacqua\" target=\"_blank\" rel=\"noopener\">Carlos Vivacqua<\/a><\/strong> sorteiam as cartinhas <em>(mentira!) <\/em>enviadas pelos ouvintes desocupados e perguntam <strong>o que eles gostariam de pedir na Porta da Esperan\u00e7a<\/strong>, em mais um epis\u00f3dio da s\u00e9rie\u00a0<strong>Fala, seu texugo<\/strong>!<\/p>\n<p>E \u00e9 claro que n\u00e3o poder\u00edamos deixar de destacar a <strong>impressionante n\u00e3o-participa\u00e7\u00e3o<\/strong> do nosso querido <strong><a href=\"http:\/\/twitter.com\/mrquessa\" target=\"_blank\" rel=\"noopener\">Quessa<\/a><\/strong>, que manda avisar que j\u00e1 est\u00e1 se recuperando da <strong>surra que tomou do seu novo <em>headset<\/em><\/strong>&#8230;<\/p>\n<p>Um abra\u00e7o na boca dos ouvintes desocupados que participaram deste pograma:<\/p>\n<p>&#8211; <strong>Diego Oliveira<\/strong> <em>(<a href=\"http:\/\/twitter.com\/Luigi_Show\" target=\"_blank\" rel=\"noopener\">@Luigi_Show<\/a>)<\/em>, 22 anos, Porto Velho &#8211; RO<br \/>\n&#8211; <strong>Luiz Carlos da Costa<\/strong> <em>(<a href=\"http:\/\/twitter.com\/bookeatingboy\" target=\"_blank\" rel=\"noopener\">@bookeatingboy<\/a>)<\/em>, 34 anos, Londrina &#8211; PR<br \/>\n&#8211; <strong>Henrique Marques<\/strong> <em>(<a href=\"http:\/\/twitter.com\/ottamarques\" target=\"_blank\" rel=\"noopener\">@ottamarques<\/a>)<\/em>, 19 anos, Maring\u00e1 &#8211; PR<br \/>\n&#8211;\u00a0<strong>Leonardo Amaro<\/strong> <em>(<a href=\"http:\/\/twitter.com\/leobruski\" target=\"_blank\" rel=\"noopener\">@leobruski<\/a>)<\/em>, 26 anos, Blumenau &#8211; SC<br \/>\n&#8211; <strong>Rafael Techima<\/strong> <em>(<a href=\"http:\/\/twitter.com\/rafaeltechima\" target=\"_blank\" rel=\"noopener\">@rafaeltechima<\/a>)<\/em>, 25 anos, S\u00e3o Paulo &#8211; SP<br \/>\n&#8211;\u00a0<strong>Pablo Lopes<\/strong> <em>(<a href=\"http:\/\/twitter.com\/_pablo_lopes_\" target=\"_blank\" rel=\"noopener\">@_pablo_lopes_<\/a>)<\/em>, 31 anos, Ribeir\u00e3o Preto &#8211; SP<br \/>\n&#8211; <strong>Pedro Henrique Caldas<\/strong> <em>(<a href=\"http:\/\/twitter.com\/_phcaldas\" target=\"_blank\" rel=\"noopener\">@_phcaldas<\/a>)<\/em>, 15 anos, Fortaleza &#8211; CE<\/p>\n<p style=\"text-align: left;\"><strong><span style=\"color: #990000;\">Mel\u00f3dias especialmente selecionadas pelo DanyCast:<\/span><\/strong><br \/>\n&#8211; <strong>Depeche Mode &#8211; <\/strong>Megamix 2002<br \/>\n&#8211; <strong>Rick Astley<\/strong> &#8211; Megamix<\/p>\n<p><strong><span style=\"color: #990000;\">Links citados na se\u00e7\u00e3o de e-mails, abrax e recadalhos:<\/span><\/strong><br \/>\n&#8211; <a href=\"http:\/\/wergeeks.net\/2011\/08\/04\/episodio-51-o-radio\/\" target=\"_blank\" rel=\"noopener\">Leo Lopes e Daniela Monteiro no weRgeeks #51 &#8211; O R\u00e1dio<\/a><br \/>\n&#8211; <a href=\"http:\/\/www.midiasemodos.com\/?p=64\" target=\"_blank\" rel=\"noopener\">Entrevista com Leo Lopes no podcast M\u00eddias e Modos #03<\/a><br \/>\n&#8211; <a href=\"http:\/\/tecnoblog.net\/71537\/celebridades-que-curtem-games\/\" target=\"_blank\" rel=\"noopener\">Celebridades que curtem games<\/a><\/p>\n<p><strong><span style=\"color: #990000;\">Links citados ao longo do pograma:<\/span><\/strong><br \/>\n&#8211;\u00a0<a href=\"http:\/\/www.luigishorrorshow.com.br\/\" target=\"_blank\" rel=\"noopener\">Site Luigi&#8217;s Horror Show<\/a><br \/>\n&#8211;\u00a0<a href=\"http:\/\/www.in4tek.com.br\/zombietalk\/\" target=\"_blank\" rel=\"noopener\">Podcast Zombie Talk<\/a><br \/>\n&#8211;\u00a0<a href=\"http:\/\/www.youtube.com\/watch?v=InzAgfUmsRI\" target=\"_blank\" rel=\"noopener\">V\u00eddeo do @Luigi_Show: &#8220;Um Dia de Mochileiro das Gal\u00e1xias&#8221;<\/a><br \/>\n&#8211; <a href=\"http:\/\/www.youtube.com\/watch?v=z0YsBYoXDTo\" target=\"_blank\" rel=\"noopener\">Piores momentos da entrevista do @Luigi_Show no Programa do J\u00f4<\/a><br \/>\n&#8211; <a href=\"http:\/\/www.bardonerd.com\/\" target=\"_blank\" rel=\"noopener\">Bar do Nerd<\/a><br \/>\n&#8211; <a href=\"http:\/\/www.historica.com.br\/\" target=\"_blank\" rel=\"noopener\">Vis\u00e3o Hist\u00f3rica<\/a><br \/>\n&#8211; <a href=\"http:\/\/migre.me\/5rl2Z\" target=\"_blank\" rel=\"noopener\">Pica-Pau Biruta &#8211; <em>&#8220;Eu vou ver um psi&#8230; squi&#8230; eu vou ver o doutor!<\/em><\/a><em>&#8220;<\/em><br \/>\n&#8211; <a href=\"http:\/\/radiofobia.com.br\/2011\/02\/radiofobia-49b-especial-campus-party-podosfera\/\" target=\"_blank\" rel=\"noopener\">RADIOFOBIA 49-b &#8211; Especial Campus Party &#8211; Podosfera<\/a><br \/>\n&#8211; VIDEO:\u00a0<a href=\"http:\/\/www.youtube.com\/watch?v=9IlY-oBLOf4\" target=\"_blank\" rel=\"noopener\">Vamos abrir as Portas da Esperan\u00e7a!!<\/a><br \/>\n&#8211; VIDEO:\u00a0<a href=\"http:\/\/www.youtube.com\/watch?v=ZzYM7XTnx94\" target=\"_blank\" rel=\"noopener\">Porta da Esperan\u00e7a com Wilson Simonal<\/a><\/p>\n<p><span style=\"color: #990000;\"><strong>Ou\u00e7a o R\u00e1diofobia Podcast nos principais agregadores:<\/strong><\/span><br \/>\n&#8211; <strong><a href=\"https:\/\/leolop.es\/rfobia_spotify\" target=\"_blank\" rel=\"noopener noreferrer\">Spotify<\/a><\/strong><br \/>\n&#8211; <strong><a href=\"https:\/\/leolop.es\/rfobia_googlepod\" target=\"_blank\" rel=\"noopener noreferrer\">Google Podcasts<\/a><\/strong><br \/>\n&#8211; <strong><a href=\"https:\/\/http:\/\/leolop.es\/rfitunes\" target=\"_blank\" rel=\"noopener noreferrer\">Apple Podcasts<\/a><\/strong><br \/>\n&#8211; <strong><a href=\"http:\/\/leolop.es\/rfobia_amazon\" target=\"_blank\" rel=\"noopener\">Amazon Music<\/a><\/strong><br \/>\n&#8211; <strong><a href=\"https:\/\/pca.st\/V12f\" target=\"_blank\" rel=\"noopener noreferrer\">PocketCasts<\/a><\/strong><\/p>\n<p><span style=\"color: #990000;\"><strong>Publicidade:<\/strong><\/span><br \/>\n<a href=\"http:\/\/leolop.es\/rfcontato\" target=\"_blank\" rel=\"noopener noreferrer\"><strong>Entre em contato<\/strong><\/a> e saiba como <em>anunciar sua marca, produto ou servi\u00e7o em nossos podcasts<\/em>.<\/p>\n","protected":false},"excerpt":{"rendered":"<p>Nossos ouvintes desocupados fazem seus pedidos imposs\u00edveis para a Porta da Esperan\u00e7a!<\/p>\n","protected":false},"author":2,"featured_media":3027,"comment_status":"open","ping_status":"closed","sticky":false,"template":"","format":"standard","meta":{"footnotes":""},"categories":[139,13,35],"tags":[135,131,132,138,11,93,14,320,15,62,196],"class_list":["post-3006","post","type-post","status-publish","format-standard","has-post-thumbnail","hentry","category-fala-seu-texugo-podcast","category-podcast","category-radiofobia","tag-ao-vivo","tag-daniela-monteiro","tag-danycast","tag-fala-seu-texugo","tag-leo-lopes","tag-ouvintes","tag-podcast","tag-porta-da-esperanca","tag-radiofobia","tag-silvio-santos","tag-vivacqua"],"_links":{"self":[{"href":"https:\/\/radiofobia.com.br\/podcast\/wp-json\/wp\/v2\/posts\/3006","targetHints":{"allow":["GET"]}}],"collection":[{"href":"https:\/\/radiofobia.com.br\/podcast\/wp-json\/wp\/v2\/posts"}],"about":[{"href":"https:\/\/radiofobia.com.br\/podcast\/wp-json\/wp\/v2\/types\/post"}],"author":[{"embeddable":true,"href":"https:\/\/radiofobia.com.br\/podcast\/wp-json\/wp\/v2\/users\/2"}],"replies":[{"embeddable":true,"href":"https:\/\/radiofobia.com.br\/podcast\/wp-json\/wp\/v2\/comments?post=3006"}],"version-history":[{"count":3,"href":"https:\/\/radiofobia.com.br\/podcast\/wp-json\/wp\/v2\/posts\/3006\/revisions"}],"predecessor-version":[{"id":25924,"href":"https:\/\/radiofobia.com.br\/podcast\/wp-json\/wp\/v2\/posts\/3006\/revisions\/25924"}],"wp:featuredmedia":[{"embeddable":true,"href":"https:\/\/radiofobia.com.br\/podcast\/wp-json\/wp\/v2\/media\/3027"}],"wp:attachment":[{"href":"https:\/\/radiofobia.com.br\/podcast\/wp-json\/wp\/v2\/media?parent=3006"}],"wp:term":[{"taxonomy":"category","embeddable":true,"href":"https:\/\/radiofobia.com.br\/podcast\/wp-json\/wp\/v2\/categories?post=3006"},{"taxonomy":"post_tag","embeddable":true,"href":"https:\/\/radiofobia.com.br\/podcast\/wp-json\/wp\/v2\/tags?post=3006"}],"curies":[{"name":"wp","href":"https:\/\/api.w.org\/{rel}","templated":true}]}}