{"id":30392,"date":"2025-10-13T10:00:28","date_gmt":"2025-10-13T13:00:28","guid":{"rendered":"https:\/\/radiofobia.com.br\/podcast\/?p=30392"},"modified":"2025-10-10T18:06:50","modified_gmt":"2025-10-10T21:06:50","slug":"radiofobia-413-com-a-louca-dos-gatos","status":"publish","type":"post","link":"https:\/\/radiofobia.com.br\/podcast\/2025\/10\/radiofobia-413-com-a-louca-dos-gatos\/","title":{"rendered":"R\u00c1DIOFOBIA 413 &#8211; com A Louca dos Gatos"},"content":{"rendered":"<p><iframe title=\"R\u00c1DIOFOBIA 413 - com A Louca dos Gatos\" src=\"https:\/\/omny.fm\/shows\/radiofobia-podcast\/r-diofobia-413-com-a-louca-dos-gatos\/embed?style=cover\" width=\"100%\" height=\"180\" frameborder=\"0\"><\/iframe><\/p>\n<p>Sauda\u00e7\u00f5es felinas, ouvinte radiofob\u00e9tico!<\/p>\n<p>Quem n\u00e3o gosta de um gatinho, n\u00e3o \u00e9 mesmo? Esses bichinhos fofinhos e peludos, com olhos brilhantes, garras afiadas e um g\u00eanio do c\u00e3o (tudum-tssss&#8230;)!<\/p>\n<p>No epis\u00f3dio de hoje nossos gateiros <a href=\"https:\/\/leolopes.com.br\/\"><strong>Leo Lopes<\/strong><\/a>, <a href=\"https:\/\/www.instagram.com\/jedalcin\/\"><strong>J\u00e9ssica Dalcin<\/strong><\/a>, <a href=\"https:\/\/www.instagram.com\/camilanfs\/\"><strong>Camilinha<\/strong><\/a>, <a href=\"https:\/\/www.instagram.com\/thais.boccia\/\"><strong>Thais Boccia<\/strong><\/a> e <a href=\"https:\/\/www.instagram.com\/estaciojv\/\"><strong>Victor Est\u00e1cio<\/strong><\/a> batem um papo com a jornalista, documentarista, locutora e defensora dos animais <a href=\"https:\/\/www.instagram.com\/aloucadosgatos.oficial\/\"><strong>Stefania Fernandes<\/strong><\/a> em um crossover de sete vidas com o podcast <a href=\"https:\/\/linktr.ee\/aloucadosgatos\"><strong>A Louca dos Gatos<\/strong><\/a>!<\/p>\n<p>N\u00e3o deixe de <strong>interagir com a gente nas redes sociais<\/strong>, <strong>dar seu feedback sobre o papo e sugerir temas e convidados<\/strong>\u00a0para as pr\u00f3ximas edi\u00e7\u00f5es do nosso podcast, al\u00e9m de\u00a0<strong>deixar seu coment\u00e1rio no post,<\/strong> ok? Voc\u00ea tamb\u00e9m pode agora mandar sua cartinha para a <strong>Caixa Postal 279 &#8211; CEP 13930-970 &#8211; Serra Negra &#8211; SP<\/strong>, e seu e-mail para <strong><a title=\"[GMCP] Compose a new mail to podcast@radiofobia.com.br\" href=\"mailto:podcast@radiofobia.com.br\" target=\"blank\" rel=\"noopener noreferrer\">podcast@radiofobia.com.br<\/a><\/strong>!<\/p>\n<p><strong><span style=\"color: #990000;\">Arte do epis\u00f3dio:<\/span><\/strong>\u00a0<a href=\"https:\/\/linktr.ee\/sandrohojo\">Sandro Hojo<\/a><\/p>\n<p><iframe title=\"YouTube video player\" src=\"https:\/\/www.youtube.com\/embed\/h6Xyg82cfNU?si=BNgvvAzyehp3Zfrq\" frameborder=\"0\" allowfullscreen=\"allowfullscreen\"><span data-mce-type=\"bookmark\" style=\"display: inline-block; width: 0px; overflow: hidden; line-height: 0;\" class=\"mce_SELRES_start\">\ufeff<\/span><\/iframe><\/p>\n<p><strong><span style=\"color: #990000;\">Links citados no epis\u00f3dio:<\/span><\/strong><br \/>\n&#8211; <a href=\"https:\/\/www.instagram.com\/miau.more\/\">Miau.More &#8211; Adote um gatinho (S\u00e3o Paulo &#8211; SP)<\/a><br \/>\n&#8211; <a href=\"https:\/\/www.instagram.com\/aloucadosgatos.oficial\/\">siga @aloucadosgatos.oficial no Instagram<\/a><br \/>\n&#8211; <a href=\"https:\/\/www.instagram.com\/morfeusonhador\/\">siga @morfeusonhador no Instagram<\/a><br \/>\n&#8211; <a href=\"https:\/\/www.instagram.com\/kuroneko.coffeeco\/\">siga @kuroneko.coffeeco no Instagram<\/a><\/p>\n<p><strong><span style=\"color: #990000;\">Links citados nas Cartinhas do Tot\u00f4:<\/span><\/strong><br \/>\n&#8211; <a href=\"https:\/\/www.hyakkijinja.com.br\/\">Hyakki-Jinja &#8211; compre suas m\u00e1scaras japonesas com <strong>20% de desconto usando o cupom RADIOFOBIA at\u00e9 01\/11\/2025<\/strong><\/a><br \/>\n&#8211; <a href=\"https:\/\/www.youtube.com\/live\/wALyZ_Xljh0?si=C10hvyiBNHIJYsHH\">reveja a LIVE DE LAN\u00c7AMENTO do Curso de Podcast<\/a><br \/>\n&#8211; <a href=\"https:\/\/cursodepodcast.com.br\/\">matricule-se j\u00e1 no Curso de Podcast para garantir\u00a0DESCONTO e B\u00d4NUS ESPECIAIS para a PRIMEIRA TURMA<\/a><br \/>\n&#8211; garanta o livro <a href=\"https:\/\/pay.kiwify.com.br\/0bhjqUb\">Curso de Podcast &#8211; Guia B\u00e1sico em PDF<\/a> e <a href=\"https:\/\/amzn.to\/4pD68OE\">na Amazon para o seu Kindle<\/a><br \/>\n&#8211; <a href=\"https:\/\/podcaststore.com.br\/\"><strong>Podcast Store<\/strong> &#8211; a loja de produtos exclusivos da podosfera brasileira<\/a><br \/>\n&#8211; <a href=\"https:\/\/institutoamargen.com.br\/\">Instituto Amargen<\/a><br \/>\n&#8211; <a href=\"https:\/\/leolop.es\/acepipes\">clique para assinar e ouvir o podcast <strong>Acepipes e Birinaites<\/strong><\/a><\/p>\n<p><a href=\"https:\/\/cursodepodcast.com.br\"><img fetchpriority=\"high\" decoding=\"async\" class=\"aligncenter wp-image-30389 size-full\" src=\"https:\/\/radiofobia.com.br\/podcast\/wp-content\/uploads\/2025\/09\/banner-curso-de-podcast-948x250-2.gif\" alt=\"Curso de Podcast\" width=\"948\" height=\"250\" \/><\/a><\/p>\n<p><strong><span style=\"color: #990000;\">Links que indicamos sempre:<\/span><\/strong><br \/>\n&#8211; <a href=\"https:\/\/open.spotify.com\/show\/7tRck5La3P4aIDUdvdRoMA\">ou\u00e7a o <strong>Ineditados Podcast<\/strong><\/a><br \/>\n&#8211; <a href=\"http:\/\/radiofobiaclassics.com.br\/\">Acesse o novo site e ou\u00e7a a R\u00c1DIO 24h NO AR do <strong>R\u00e1diofobia Classics!<\/strong><\/a><br \/>\n&#8211; <a href=\"https:\/\/cursodepodcast.com\/\">assine o canal do <strong>Curso de Podcast<\/strong> no YouTube<\/a><br \/>\n&#8211; <a href=\"https:\/\/www.instagram.com\/ocursodepodcast\/\">siga <strong>@ocursodepodcast<\/strong> no Instagram<\/a><br \/>\n&#8211; <a href=\"https:\/\/t.me\/radiofobianetwork\" target=\"_blank\" rel=\"noopener noreferrer\">participe do <strong>grupo de produtores, apresentadores e ouvintes dos podcasts da R\u00e1diofobia Podcast Network no Telegram<\/strong><\/a><\/p>\n<p><span style=\"color: #990000;\"><strong>Ou\u00e7a o R\u00e1diofobia Podcast nos principais agregadores:<\/strong><\/span><br \/>\n&#8211; <strong><a href=\"https:\/\/leolop.es\/rfobia_spotify\" target=\"_blank\" rel=\"noopener noreferrer\">Spotify<\/a><\/strong><br \/>\n&#8211; <a href=\"https:\/\/leolop.es\/rfobia_applepodcasts\"><strong>Apple Podcasts<\/strong><\/a><br \/>\n&#8211; <strong><a href=\"http:\/\/leolop.es\/rfobia_amazon\" target=\"_blank\" rel=\"noopener\">Amazon Music<\/a><br \/>\n<\/strong>&#8211; <a href=\"https:\/\/leolop.es\/rfobia_deezer\"><strong>Deezer<\/strong><\/a><br \/>\n&#8211; <strong><a href=\"https:\/\/pca.st\/V12f\" target=\"_blank\" rel=\"noopener noreferrer\">PocketCasts<\/a><\/strong><\/p>\n<p><span style=\"color: #990000;\"><strong>Publicidade:<\/strong><\/span><br \/>\n<a href=\"http:\/\/leolop.es\/rfcontato\" target=\"_blank\" rel=\"noopener noreferrer\"><strong>Entre em contato<\/strong><\/a> e saiba como <em>anunciar sua marca, produto ou servi\u00e7o em nossos podcasts<\/em>.<\/p>\n","protected":false},"excerpt":{"rendered":"<p>Um papo com a jornalista, documentarista, locutora e defensora dos animais Stefania Fernandes em um crossover de sete vidas com o podcast A Louca dos Gatos!<\/p>\n","protected":false},"author":2,"featured_media":30400,"comment_status":"open","ping_status":"closed","sticky":false,"template":"","format":"standard","meta":{"footnotes":""},"categories":[71,13,72,35],"tags":[],"class_list":["post-30392","post","type-post","status-publish","format-standard","has-post-thumbnail","hentry","category-daboucast","category-podcast","category-podosfera-podcast","category-radiofobia"],"_links":{"self":[{"href":"https:\/\/radiofobia.com.br\/podcast\/wp-json\/wp\/v2\/posts\/30392","targetHints":{"allow":["GET"]}}],"collection":[{"href":"https:\/\/radiofobia.com.br\/podcast\/wp-json\/wp\/v2\/posts"}],"about":[{"href":"https:\/\/radiofobia.com.br\/podcast\/wp-json\/wp\/v2\/types\/post"}],"author":[{"embeddable":true,"href":"https:\/\/radiofobia.com.br\/podcast\/wp-json\/wp\/v2\/users\/2"}],"replies":[{"embeddable":true,"href":"https:\/\/radiofobia.com.br\/podcast\/wp-json\/wp\/v2\/comments?post=30392"}],"version-history":[{"count":9,"href":"https:\/\/radiofobia.com.br\/podcast\/wp-json\/wp\/v2\/posts\/30392\/revisions"}],"predecessor-version":[{"id":30402,"href":"https:\/\/radiofobia.com.br\/podcast\/wp-json\/wp\/v2\/posts\/30392\/revisions\/30402"}],"wp:featuredmedia":[{"embeddable":true,"href":"https:\/\/radiofobia.com.br\/podcast\/wp-json\/wp\/v2\/media\/30400"}],"wp:attachment":[{"href":"https:\/\/radiofobia.com.br\/podcast\/wp-json\/wp\/v2\/media?parent=30392"}],"wp:term":[{"taxonomy":"category","embeddable":true,"href":"https:\/\/radiofobia.com.br\/podcast\/wp-json\/wp\/v2\/categories?post=30392"},{"taxonomy":"post_tag","embeddable":true,"href":"https:\/\/radiofobia.com.br\/podcast\/wp-json\/wp\/v2\/tags?post=30392"}],"curies":[{"name":"wp","href":"https:\/\/api.w.org\/{rel}","templated":true}]}}