{"id":30423,"date":"2025-11-10T10:00:51","date_gmt":"2025-11-10T13:00:51","guid":{"rendered":"https:\/\/radiofobia.com.br\/podcast\/?p=30423"},"modified":"2025-11-07T17:07:46","modified_gmt":"2025-11-07T20:07:46","slug":"radiofobia-415-5-anos-da-podosfera-nipo-brasileira","status":"publish","type":"post","link":"https:\/\/radiofobia.com.br\/podcast\/2025\/11\/radiofobia-415-5-anos-da-podosfera-nipo-brasileira\/","title":{"rendered":"R\u00c1DIOFOBIA 415 &#8211; 5 ANOS da Podosfera Nipo Brasileira"},"content":{"rendered":"<p><iframe title=\"R\u00c1DIOFOBIA 415 - 5 ANOS da Podosfera Nipo Brasileira\" src=\"https:\/\/omny.fm\/shows\/radiofobia-podcast\/r-diofobia-415-5-anos-da-podosfera-nipo-brasileira\/embed?style=cover\" width=\"100%\" height=\"180\" frameborder=\"0\"><\/iframe><\/p>\n<p>Sauda\u00e7\u00f5es dekasseguis, ouvinte radiofob\u00e9tico!<\/p>\n<p>H\u00e1 5 anos nascia do outro lado do planeta uma iniciativa muito bacana para unir os produtores de podcasts brasileiros residentes no Jap\u00e3o: a Podosfera Nipo-brasileira!<\/p>\n<p>Neste epis\u00f3dio <a href=\"https:\/\/leolopes.com.br\/\"><strong>Leo Lopes<\/strong><\/a>, <a href=\"https:\/\/www.instagram.com\/natynogueira\/\"><strong>Naty Nogueira<\/strong><\/a>, <a href=\"https:\/\/www.instagram.com\/jedalcin\/\"><strong>J\u00e9ssica Dalcin<\/strong><\/a>, <a href=\"https:\/\/www.instagram.com\/juliomcg\/\"><strong>J\u00falio Macoggi<\/strong><\/a> e <a href=\"https:\/\/www.instagram.com\/estaciojv\/\"><strong>Victor Est\u00e1cio<\/strong><\/a> batem um papo com <a href=\"https:\/\/www.instagram.com\/victorhonda\/\"><strong>Victor Honda<\/strong><\/a> (<a href=\"https:\/\/www.instagram.com\/nojapaopodcast\/\">No Jap\u00e3o Podcast<\/a>), <a href=\"https:\/\/www.instagram.com\/bijuh_kc\/\"><strong>Bijuh<\/strong><\/a> (<a href=\"https:\/\/www.instagram.com\/wasabi.mutante\/\">Wasabicast<\/a>) e <a href=\"https:\/\/www.instagram.com\/pressstartcastoficial\/\"><strong>Will Cunha<\/strong><\/a> (<a href=\"https:\/\/www.pressstartcast.com.br\/\">Press Start Cast<\/a>) para conhecer melhor essa iniciativa e celebrar esse marco t\u00e3o especial!<\/p>\n<p>N\u00e3o deixe de <strong>interagir com a gente nas redes sociais<\/strong>, <strong>dar seu feedback sobre o papo e sugerir temas e convidados<\/strong>\u00a0para as pr\u00f3ximas edi\u00e7\u00f5es do nosso podcast, al\u00e9m de\u00a0<strong>deixar seu coment\u00e1rio no post,<\/strong> ok? Voc\u00ea tamb\u00e9m pode agora mandar sua cartinha para a <strong>Caixa Postal 279 &#8211; CEP 13930-970 &#8211; Serra Negra &#8211; SP<\/strong>, e seu e-mail para <strong><a title=\"[GMCP] Compose a new mail to podcast@radiofobia.com.br\" href=\"mailto:podcast@radiofobia.com.br\" target=\"blank\" rel=\"noopener noreferrer\">podcast@radiofobia.com.br<\/a><\/strong>!<\/p>\n<p><strong><span style=\"color: #990000;\">Arte do epis\u00f3dio:<\/span><\/strong>\u00a0<a href=\"https:\/\/linktr.ee\/sandrohojo\">Sandro Hojo<\/a><\/p>\n<p><iframe title=\"YouTube video player\" src=\"https:\/\/www.youtube.com\/embed\/Jiu2yz8HcHs?si=r50uTkYohuwu_TEJ\" frameborder=\"0\" allowfullscreen=\"allowfullscreen\"><\/iframe><\/p>\n<p><strong><span style=\"color: #990000;\">Links citados no epis\u00f3dio:<\/span><\/strong><br \/>\n&#8211; <a href=\"https:\/\/emcolicas.pressstartcast.com.br\/\">Em C\u00f3licas Podcast<\/a><br \/>\n&#8211; <a href=\"https:\/\/www.instagram.com\/dibranofc\/\">Dibrano F.C.<\/a><br \/>\n&#8211; <a href=\"https:\/\/www.instagram.com\/geekwarsoficial\/\">Geek Wars<\/a><\/p>\n<p><strong><span style=\"color: #990000;\">Links citados nas Cartinhas do Tot\u00f4:<\/span><\/strong><br \/>\n&#8211; <a href=\"https:\/\/cursodepodcast.com.br\/leozito\">matricule-se j\u00e1 no <strong>Curso de Podcast<\/strong> para garantir\u00a0<strong>DESCONTO e B\u00d4NUS ESPECIAIS para a PRIMEIRA TURMA<\/strong><\/a><br \/>\n&#8211; garanta o livro <a href=\"https:\/\/pay.kiwify.com.br\/0bhjqUb\">Curso de Podcast &#8211; Guia B\u00e1sico em PDF<\/a> e <a href=\"https:\/\/amzn.to\/4pD68OE\">na Amazon para o seu Kindle<\/a><br \/>\n&#8211; <a href=\"https:\/\/podcaststore.com.br\/\"><strong>Podcast Store<\/strong> &#8211; a loja de produtos exclusivos da podosfera brasileira<\/a><br \/>\n&#8211; <a href=\"https:\/\/institutoamargen.com.br\/\">Instituto Amargen<\/a><br \/>\n&#8211; <a href=\"https:\/\/leolop.es\/acepipes\">clique para assinar e ouvir o podcast <strong>Acepipes e Birinaites<\/strong><\/a><\/p>\n<p><a href=\"https:\/\/cursodepodcast.com.br\/leozito\"><img fetchpriority=\"high\" decoding=\"async\" class=\"aligncenter wp-image-30389 size-full\" src=\"https:\/\/radiofobia.com.br\/podcast\/wp-content\/uploads\/2025\/09\/banner-curso-de-podcast-948x250-2.gif\" alt=\"Curso de Podcast\" width=\"948\" height=\"250\" \/><\/a><\/p>\n<p><strong><span style=\"color: #990000;\">Links que indicamos sempre:<\/span><\/strong><br \/>\n&#8211; <a href=\"https:\/\/open.spotify.com\/show\/7tRck5La3P4aIDUdvdRoMA\">ou\u00e7a o <strong>Ineditados Podcast<\/strong><\/a><br \/>\n&#8211; <a href=\"http:\/\/radiofobiaclassics.com.br\/\">Acesse o novo site e ou\u00e7a a R\u00c1DIO 24h NO AR do <strong>R\u00e1diofobia Classics!<\/strong><\/a><br \/>\n&#8211; <a href=\"https:\/\/cursodepodcast.com\/\">assine o canal do <strong>Curso de Podcast<\/strong> no YouTube<\/a><br \/>\n&#8211; <a href=\"https:\/\/www.instagram.com\/ocursodepodcast\/\">siga <strong>@ocursodepodcast<\/strong> no Instagram<\/a><br \/>\n&#8211; <a href=\"https:\/\/t.me\/radiofobianetwork\" target=\"_blank\" rel=\"noopener noreferrer\">participe do <strong>grupo de produtores, apresentadores e ouvintes dos podcasts da R\u00e1diofobia Podcast Network no Telegram<\/strong><\/a><\/p>\n<p><span style=\"color: #990000;\"><strong>Ou\u00e7a o R\u00e1diofobia Podcast nos principais agregadores:<\/strong><\/span><br \/>\n&#8211; <strong><a href=\"https:\/\/leolop.es\/rfobia_spotify\" target=\"_blank\" rel=\"noopener noreferrer\">Spotify<\/a><\/strong><br \/>\n&#8211; <a href=\"https:\/\/leolop.es\/rfobia_applepodcasts\"><strong>Apple Podcasts<\/strong><\/a><br \/>\n&#8211; <strong><a href=\"http:\/\/leolop.es\/rfobia_amazon\" target=\"_blank\" rel=\"noopener\">Amazon Music<\/a><br \/>\n<\/strong>&#8211; <a href=\"https:\/\/leolop.es\/rfobia_deezer\"><strong>Deezer<\/strong><\/a><br \/>\n&#8211; <strong><a href=\"https:\/\/pca.st\/V12f\" target=\"_blank\" rel=\"noopener noreferrer\">PocketCasts<\/a><\/strong><\/p>\n<p><span style=\"color: #990000;\"><strong>Publicidade:<\/strong><\/span><br \/>\n<a href=\"http:\/\/leolop.es\/rfcontato\" target=\"_blank\" rel=\"noopener noreferrer\"><strong>Entre em contato<\/strong><\/a> e saiba como <em>anunciar sua marca, produto ou servi\u00e7o em nossos podcasts<\/em>.<\/p>\n","protected":false},"excerpt":{"rendered":"<p>Neste epis\u00f3dio batemos um papo com Victor Honda (No Jap\u00e3o Podcast), Bijuh (Wasabicast) e Will Cunha (Press Start Cast) para celebras os 5 anos da Podosfera Nipo-brasileira!<\/p>\n","protected":false},"author":2,"featured_media":30426,"comment_status":"open","ping_status":"closed","sticky":false,"template":"","format":"standard","meta":{"footnotes":""},"categories":[13,35],"tags":[],"class_list":["post-30423","post","type-post","status-publish","format-standard","has-post-thumbnail","hentry","category-podcast","category-radiofobia"],"_links":{"self":[{"href":"https:\/\/radiofobia.com.br\/podcast\/wp-json\/wp\/v2\/posts\/30423","targetHints":{"allow":["GET"]}}],"collection":[{"href":"https:\/\/radiofobia.com.br\/podcast\/wp-json\/wp\/v2\/posts"}],"about":[{"href":"https:\/\/radiofobia.com.br\/podcast\/wp-json\/wp\/v2\/types\/post"}],"author":[{"embeddable":true,"href":"https:\/\/radiofobia.com.br\/podcast\/wp-json\/wp\/v2\/users\/2"}],"replies":[{"embeddable":true,"href":"https:\/\/radiofobia.com.br\/podcast\/wp-json\/wp\/v2\/comments?post=30423"}],"version-history":[{"count":6,"href":"https:\/\/radiofobia.com.br\/podcast\/wp-json\/wp\/v2\/posts\/30423\/revisions"}],"predecessor-version":[{"id":30430,"href":"https:\/\/radiofobia.com.br\/podcast\/wp-json\/wp\/v2\/posts\/30423\/revisions\/30430"}],"wp:featuredmedia":[{"embeddable":true,"href":"https:\/\/radiofobia.com.br\/podcast\/wp-json\/wp\/v2\/media\/30426"}],"wp:attachment":[{"href":"https:\/\/radiofobia.com.br\/podcast\/wp-json\/wp\/v2\/media?parent=30423"}],"wp:term":[{"taxonomy":"category","embeddable":true,"href":"https:\/\/radiofobia.com.br\/podcast\/wp-json\/wp\/v2\/categories?post=30423"},{"taxonomy":"post_tag","embeddable":true,"href":"https:\/\/radiofobia.com.br\/podcast\/wp-json\/wp\/v2\/tags?post=30423"}],"curies":[{"name":"wp","href":"https:\/\/api.w.org\/{rel}","templated":true}]}}