{"id":30438,"date":"2025-11-24T10:00:46","date_gmt":"2025-11-24T13:00:46","guid":{"rendered":"https:\/\/radiofobia.com.br\/podcast\/?p=30438"},"modified":"2025-11-23T13:20:01","modified_gmt":"2025-11-23T16:20:01","slug":"radiofobia-416-com-selma-boiron","status":"publish","type":"post","link":"https:\/\/radiofobia.com.br\/podcast\/2025\/11\/radiofobia-416-com-selma-boiron\/","title":{"rendered":"R\u00c1DIOFOBIA 416 &#8211; com Selma Boiron"},"content":{"rendered":"<p><iframe title=\"R\u00c1DIOFOBIA 416 - com Selma Boiron\" src=\"https:\/\/omny.fm\/shows\/radiofobia-podcast\/r-diofobia-416-com-selma-boiron\/embed?style=cover\" width=\"100%\" height=\"180\" frameborder=\"0\"><\/iframe><\/p>\n<p>Sauda\u00e7\u00f5es radiof\u00f4nicas, ouvinte radiofob\u00e9tico!<\/p>\n<p>\u00c9 com muita alegria que apresentamos mais um epis\u00f3dio da nossa s\u00e9rie especial com profissionais do r\u00e1dio, com a locutora que abriu os trabalhos em mar\u00e7o de 1982 da lend\u00e1ria <strong>Fluminense FM &#8211; A Maldita<\/strong> &#8211; a r\u00e1dio que revelou para o Brasil bandas como Blitz, Bar\u00e3o Vermelho e Legi\u00e3o Urbana, entre outras!<\/p>\n<p>Al\u00e9m da Maldita, ela passou tamb\u00e9m por r\u00e1dios como Manchete FM no Rio, Cultura de Santos, Jovem Pan, Transam\u00e9rica e 89FM em S\u00e3o Paulo, Stereo Vale em S\u00e3o Jos\u00e9 dos Campos, R\u00e1dio Cidade de Lisboa, Antena 1 e Globo FM!<\/p>\n<p>Hoje <a href=\"https:\/\/leolopes.com.br\/\"><strong>Leo Lopes<\/strong><\/a>, <a href=\"https:\/\/www.instagram.com\/juliomcg\/\"><strong>J\u00falio Macoggi<\/strong><\/a> e <a href=\"https:\/\/www.instagram.com\/estaciojv\/\"><strong>Victor Est\u00e1cio<\/strong><\/a> batem um papo com uma das mulheres pioneiras na locu\u00e7\u00e3o do r\u00e1dio jovem no Brasil, a guanabarina <a href=\"https:\/\/www.instagram.com\/boironselma\/\"><strong>Selma Boiron<\/strong><\/a>!<\/p>\n<p>N\u00e3o deixe de <strong>interagir com a gente nas redes sociais<\/strong>, <strong>dar seu feedback sobre o papo e sugerir temas e convidados<\/strong>\u00a0para as pr\u00f3ximas edi\u00e7\u00f5es do nosso podcast, al\u00e9m de\u00a0<strong>deixar seu coment\u00e1rio no post,<\/strong> ok? Voc\u00ea tamb\u00e9m pode agora mandar sua cartinha para a <strong>Caixa Postal 279 &#8211; CEP 13930-970 &#8211; Serra Negra &#8211; SP<\/strong>, e seu e-mail para <strong><a title=\"[GMCP] Compose a new mail to podcast@radiofobia.com.br\" href=\"mailto:podcast@radiofobia.com.br\" target=\"blank\" rel=\"noopener noreferrer\">podcast@radiofobia.com.br<\/a><\/strong>!<\/p>\n<p><strong><span style=\"color: #990000;\">Arte do epis\u00f3dio:<\/span><\/strong>\u00a0<a href=\"https:\/\/linktr.ee\/sandrohojo\">Sandro Hojo<\/a><\/p>\n<p><iframe title=\"YouTube video player\" src=\"https:\/\/www.youtube.com\/embed\/3Sf72lLQESQ?si=oC9KAgN3prfs2x_5\" frameborder=\"0\" allowfullscreen=\"allowfullscreen\"><span data-mce-type=\"bookmark\" style=\"display: inline-block; width: 0px; overflow: hidden; line-height: 0;\" class=\"mce_SELRES_start\">\ufeff<\/span><\/iframe><\/p>\n<p><strong><span style=\"color: #990000;\">Links citados no epis\u00f3dio:<\/span><\/strong><br \/>\n&#8211; <a href=\"https:\/\/radiofobia.com.br\/podcast\/2024\/06\/voz-off-082-selma-boiron\/\">VOZ OFF 082 \u2013 Selma Boiron<\/a><br \/>\n&#8211; <a href=\"https:\/\/globoplay.globo.com\/aumenta-que-e-rock-n-roll\/t\/RtHRFyKsVM\/\">Aumenta Que \u00e9 Rock &#8216;n&#8217; Roll<\/a><br \/>\n&#8211; <a href=\"https:\/\/radiofobia.com.br\/podcast\/2023\/11\/voz-off-075-especial-iris-lettieri\/\">VOZ OFF 075 \u2013 ESPECIAL \u2013 \u00cdris Lettieri<\/a><\/p>\n<p><strong><span style=\"color: #990000;\">Links citados nas Cartinhas do Tot\u00f4:<\/span><\/strong><br \/>\n&#8211; <a href=\"https:\/\/cursodepodcast.com.br\/leo\">n\u00e3o perca a promo\u00e7\u00e3o especial de <strong>BLACK FRIDAY<\/strong> do <strong>Curso de Podcast: R$197<\/strong> <strong>em at\u00e9 12x +<\/strong> <strong>livro gr\u00e1tis +\u00a0 PODCAST 10X por apenas R$10<\/strong><\/a><br \/>\n&#8211; garanta o livro <a href=\"https:\/\/pay.kiwify.com.br\/0bhjqUb\">Curso de Podcast &#8211; Guia B\u00e1sico em PDF<\/a> e <a href=\"https:\/\/amzn.to\/4pD68OE\">na Amazon para o seu Kindle<\/a><br \/>\n&#8211; <a href=\"https:\/\/podcaststore.com.br\/\"><strong>Podcast Store<\/strong> &#8211; a loja de produtos exclusivos da podosfera brasileira<\/a><br \/>\n&#8211; <a href=\"https:\/\/institutoamargen.com.br\/\">Instituto Amargen<\/a><br \/>\n&#8211; <a href=\"https:\/\/leolop.es\/acepipes\">clique para assinar e ouvir o podcast <strong>Acepipes e Birinaites<\/strong><\/a><\/p>\n<p><a href=\"https:\/\/cursodepodcast.com.br\/leozito\"><img fetchpriority=\"high\" decoding=\"async\" class=\"aligncenter wp-image-30389 size-full\" src=\"https:\/\/radiofobia.com.br\/podcast\/wp-content\/uploads\/2025\/09\/banner-curso-de-podcast-948x250-2.gif\" alt=\"Curso de Podcast\" width=\"948\" height=\"250\" \/><\/a><\/p>\n<p><strong><span style=\"color: #990000;\">Links que indicamos sempre:<\/span><\/strong><br \/>\n&#8211; <a href=\"https:\/\/open.spotify.com\/show\/7tRck5La3P4aIDUdvdRoMA\">ou\u00e7a o <strong>Ineditados Podcast<\/strong><\/a><br \/>\n&#8211; <a href=\"http:\/\/radiofobiaclassics.com.br\/\">Acesse o novo site e ou\u00e7a a R\u00c1DIO 24h NO AR do <strong>R\u00e1diofobia Classics!<\/strong><\/a><br \/>\n&#8211; <a href=\"https:\/\/cursodepodcast.com\/\">assine o canal do <strong>Curso de Podcast<\/strong> no YouTube<\/a><br \/>\n&#8211; <a href=\"https:\/\/www.instagram.com\/ocursodepodcast\/\">siga <strong>@ocursodepodcast<\/strong> no Instagram<\/a><br \/>\n&#8211; <a href=\"https:\/\/t.me\/radiofobianetwork\" target=\"_blank\" rel=\"noopener noreferrer\">participe do <strong>grupo de produtores, apresentadores e ouvintes dos podcasts da R\u00e1diofobia Podcast Network no Telegram<\/strong><\/a><\/p>\n<p><span style=\"color: #990000;\"><strong>Ou\u00e7a o R\u00e1diofobia Podcast nos principais agregadores:<\/strong><\/span><br \/>\n&#8211; <strong><a href=\"https:\/\/leolop.es\/rfobia_spotify\" target=\"_blank\" rel=\"noopener noreferrer\">Spotify<\/a><\/strong><br \/>\n&#8211; <a href=\"https:\/\/leolop.es\/rfobia_applepodcasts\"><strong>Apple Podcasts<\/strong><\/a><br \/>\n&#8211; <strong><a href=\"http:\/\/leolop.es\/rfobia_amazon\" target=\"_blank\" rel=\"noopener\">Amazon Music<\/a><br \/>\n<\/strong>&#8211; <a href=\"https:\/\/leolop.es\/rfobia_deezer\"><strong>Deezer<\/strong><\/a><br \/>\n&#8211; <strong><a href=\"https:\/\/pca.st\/V12f\" target=\"_blank\" rel=\"noopener noreferrer\">PocketCasts<\/a><\/strong><\/p>\n<p><span style=\"color: #990000;\"><strong>Publicidade:<\/strong><\/span><br \/>\n<a href=\"http:\/\/leolop.es\/rfcontato\" target=\"_blank\" rel=\"noopener noreferrer\"><strong>Entre em contato<\/strong><\/a> e saiba como <em>anunciar sua marca, produto ou servi\u00e7o em nossos podcasts<\/em>.<\/p>\n","protected":false},"excerpt":{"rendered":"<p>Neste epis\u00f3dio batemos um papo com uma das mulheres pioneiras na locu\u00e7\u00e3o do r\u00e1dio jovem no Brasil, a primeira locutora da &#8220;maldita&#8221; Fluminense FM: Selma Boiron!<\/p>\n","protected":false},"author":2,"featured_media":30442,"comment_status":"open","ping_status":"closed","sticky":false,"template":"","format":"standard","meta":{"footnotes":""},"categories":[13,32,35],"tags":[],"class_list":["post-30438","post","type-post","status-publish","format-standard","has-post-thumbnail","hentry","category-podcast","category-profissionais-do-radio","category-radiofobia"],"_links":{"self":[{"href":"https:\/\/radiofobia.com.br\/podcast\/wp-json\/wp\/v2\/posts\/30438","targetHints":{"allow":["GET"]}}],"collection":[{"href":"https:\/\/radiofobia.com.br\/podcast\/wp-json\/wp\/v2\/posts"}],"about":[{"href":"https:\/\/radiofobia.com.br\/podcast\/wp-json\/wp\/v2\/types\/post"}],"author":[{"embeddable":true,"href":"https:\/\/radiofobia.com.br\/podcast\/wp-json\/wp\/v2\/users\/2"}],"replies":[{"embeddable":true,"href":"https:\/\/radiofobia.com.br\/podcast\/wp-json\/wp\/v2\/comments?post=30438"}],"version-history":[{"count":8,"href":"https:\/\/radiofobia.com.br\/podcast\/wp-json\/wp\/v2\/posts\/30438\/revisions"}],"predecessor-version":[{"id":30447,"href":"https:\/\/radiofobia.com.br\/podcast\/wp-json\/wp\/v2\/posts\/30438\/revisions\/30447"}],"wp:featuredmedia":[{"embeddable":true,"href":"https:\/\/radiofobia.com.br\/podcast\/wp-json\/wp\/v2\/media\/30442"}],"wp:attachment":[{"href":"https:\/\/radiofobia.com.br\/podcast\/wp-json\/wp\/v2\/media?parent=30438"}],"wp:term":[{"taxonomy":"category","embeddable":true,"href":"https:\/\/radiofobia.com.br\/podcast\/wp-json\/wp\/v2\/categories?post=30438"},{"taxonomy":"post_tag","embeddable":true,"href":"https:\/\/radiofobia.com.br\/podcast\/wp-json\/wp\/v2\/tags?post=30438"}],"curies":[{"name":"wp","href":"https:\/\/api.w.org\/{rel}","templated":true}]}}