{"id":30468,"date":"2026-01-05T10:00:44","date_gmt":"2026-01-05T13:00:44","guid":{"rendered":"https:\/\/radiofobia.com.br\/podcast\/?p=30468"},"modified":"2026-01-05T10:38:07","modified_gmt":"2026-01-05T13:38:07","slug":"radiofobia-419-especial-de-ano-novo-com-cauwave","status":"publish","type":"post","link":"https:\/\/radiofobia.com.br\/podcast\/2026\/01\/radiofobia-419-especial-de-ano-novo-com-cauwave\/","title":{"rendered":"R\u00c1DIOFOBIA 419 &#8211; ESPECIAL DE ANO NOVO com Cauwave"},"content":{"rendered":"<p><iframe title=\"R\u00c1DIOFOBIA 419 - ESPECIAL DE ANO NOVO com Cauwave\" src=\"https:\/\/omny.fm\/shows\/radiofobia-podcast\/r-diofobia-419-especial-de-ano-novo-com-cauwave\/embed?style=cover\" width=\"100%\" height=\"180\" frameborder=\"0\"><\/iframe><\/p>\n<p>Sauda\u00e7\u00f5es curiosas, ouvinte radiofob\u00e9tico!<\/p>\n<p><strong>Feliz 2026!<\/strong><\/p>\n<p>Voc\u00ea j\u00e1 sabe que nosso tradicional epis\u00f3dio especial de Ano Novo \u00e9 um crossover com um podcast muito pedido pelos nossos ouvintes, certo?<\/p>\n<p>Para entrar neste ano com o p\u00e9 direito, <a href=\"https:\/\/leolopes.com.br\/\"><strong>Leo Lopes<\/strong><\/a>, <a href=\"https:\/\/www.instagram.com\/jedalcin\/\"><strong>J\u00e9ssica Dalcin<\/strong><\/a>, <a href=\"https:\/\/www.instagram.com\/thais.boccia\/\"><strong>Tha\u00eds Boccia<\/strong><\/a>, <a href=\"https:\/\/www.instagram.com\/camilanfs\/\"><strong>Camilinha<\/strong><\/a>, <a href=\"https:\/\/www.instagram.com\/juliomcg\/\"><strong>J\u00falio Macoggi<\/strong><\/a> e <a href=\"https:\/\/www.instagram.com\/estaciojv\/\"><strong>Victor Est\u00e1cio<\/strong><\/a> recebem os irm\u00e3os <a href=\"https:\/\/www.instagram.com\/cainamorellato\/\"><strong>Cain\u00e3<\/strong><\/a>, <a href=\"https:\/\/www.instagram.com\/cauemorellato\/\"><strong>Cau\u00ea<\/strong><\/a> e <a href=\"https:\/\/www.instagram.com\/ynaemorellato\/\"><strong>Yna\u00ea<\/strong><\/a> diretamente do <a href=\"https:\/\/www.instagram.com\/cauwave\/\"><strong>@cauwave<\/strong><\/a> e do podcast <a href=\"https:\/\/open.spotify.com\/show\/0xelxjzFpyToX2dVy3S2EM?si=1522abd91f3c4bda\"><strong>Mostrando a L\u00edngua<\/strong><\/a>, para um papo delicioso sobre etimologia, curiosidades, comunica\u00e7\u00e3o e muito mais!<\/p>\n<p>N\u00e3o deixe de <strong>interagir com a gente nas redes sociais<\/strong>, <strong>dar seu feedback sobre o papo e sugerir temas e convidados<\/strong>\u00a0para as pr\u00f3ximas edi\u00e7\u00f5es do nosso podcast, al\u00e9m de\u00a0<strong>deixar seu coment\u00e1rio no post,<\/strong> ok? Voc\u00ea tamb\u00e9m pode agora mandar sua cartinha para a <strong>Caixa Postal 279 &#8211; CEP 13930-970 &#8211; Serra Negra &#8211; SP<\/strong>, e seu e-mail para <strong><a title=\"[GMCP] Compose a new mail to podcast@radiofobia.com.br\" href=\"mailto:podcast@radiofobia.com.br\" target=\"blank\" rel=\"noopener noreferrer\">podcast@radiofobia.com.br<\/a><\/strong>!<\/p>\n<p><strong><span style=\"color: #990000;\">Arte do epis\u00f3dio:<\/span><\/strong>\u00a0<a href=\"https:\/\/linktr.ee\/sandrohojo\">Sandro Hojo<\/a><\/p>\n<p><iframe title=\"YouTube video player\" src=\"https:\/\/www.youtube.com\/embed\/iCUD_DoNiXo?si=sQI-7jkZeCd2Mjzp\" frameborder=\"0\" allowfullscreen=\"allowfullscreen\"><span data-mce-type=\"bookmark\" style=\"display: inline-block; width: 0px; overflow: hidden; line-height: 0;\" class=\"mce_SELRES_start\">\ufeff<\/span><\/iframe><\/p>\n<p><strong><span style=\"color: #990000;\">Links citados no epis\u00f3dio:<\/span><\/strong><br \/>\n&#8211; <a href=\"https:\/\/radiofobia.com.br\/webradio\">ou\u00e7a a <strong>R\u00e1diofobia Webradio<\/strong><\/a><br \/>\n&#8211; <a href=\"https:\/\/www.instagram.com\/a.vizinhanca\/\">siga <strong>Cain\u00e3 e a Vizinhan\u00e7a do Espelho<\/strong> no Instagram<\/a><br \/>\n&#8211; <a href=\"https:\/\/open.spotify.com\/intl-pt\/artist\/5oLiCetqiVUbDleTnuIlFF?si=NRZy-cKYRZqed46jLzm0vw\">ou\u00e7a <strong>Cain\u00e3 e a Vizinhan\u00e7a do Espelho<\/strong> no Spotify<\/a><\/p>\n<p><strong><span style=\"color: #990000;\">Links citados nas Cartinhas do Tot\u00f4:<\/span><\/strong><br \/>\n&#8211; <a href=\"https:\/\/cursodepodcast.com.br\/leozito\">matricule-se j\u00e1 no <strong>Curso de Podcast<\/strong> para garantir\u00a0<strong>DESCONTO e B\u00d4NUS ESPECIAIS para a PRIMEIRA TURMA<\/strong><\/a><br \/>\n&#8211; garanta o livro <a href=\"https:\/\/pay.kiwify.com.br\/0bhjqUb\">Curso de Podcast &#8211; Guia B\u00e1sico em PDF<\/a> e <a href=\"https:\/\/amzn.to\/4pD68OE\">na Amazon para o seu Kindle<\/a><br \/>\n&#8211; <a href=\"https:\/\/podcaststore.com.br\/\"><strong>Podcast Store<\/strong> &#8211; a loja de produtos exclusivos da podosfera brasileira<\/a><br \/>\n&#8211; <a href=\"https:\/\/institutoamargen.com.br\/\">Instituto Amargen<\/a><br \/>\n&#8211; <a href=\"https:\/\/leolop.es\/acepipes\">clique para assinar e ouvir o podcast <strong>Acepipes e Birinaites<\/strong><\/a><\/p>\n<p><a href=\"https:\/\/cursodepodcast.com.br\/leozito\"><img fetchpriority=\"high\" decoding=\"async\" class=\"aligncenter wp-image-30389 size-full\" src=\"https:\/\/radiofobia.com.br\/podcast\/wp-content\/uploads\/2025\/09\/banner-curso-de-podcast-948x250-2.gif\" alt=\"Curso de Podcast\" width=\"948\" height=\"250\" \/><\/a><\/p>\n<p><strong><span style=\"color: #990000;\">Links que indicamos sempre:<\/span><\/strong><br \/>\n&#8211; <a href=\"https:\/\/open.spotify.com\/show\/7tRck5La3P4aIDUdvdRoMA\">ou\u00e7a o <strong>Ineditados Podcast<\/strong><\/a><br \/>\n&#8211; <a href=\"http:\/\/radiofobiaclassics.com.br\/\">Acesse o novo site e ou\u00e7a a R\u00c1DIO 24h NO AR do <strong>R\u00e1diofobia Classics!<\/strong><\/a><br \/>\n&#8211; <a href=\"https:\/\/cursodepodcast.com\/\">assine o canal do <strong>Curso de Podcast<\/strong> no YouTube<\/a><br \/>\n&#8211; <a href=\"https:\/\/www.instagram.com\/ocursodepodcast\/\">siga <strong>@ocursodepodcast<\/strong> no Instagram<\/a><br \/>\n&#8211; <a href=\"https:\/\/t.me\/radiofobianetwork\" target=\"_blank\" rel=\"noopener noreferrer\">participe do <strong>grupo de produtores, apresentadores e ouvintes dos podcasts da R\u00e1diofobia Podcast Network no Telegram<\/strong><\/a><\/p>\n<p><span style=\"color: #990000;\"><strong>Ou\u00e7a o R\u00e1diofobia Podcast nos principais agregadores:<\/strong><\/span><br \/>\n&#8211; <strong><a href=\"https:\/\/leolop.es\/rfobia_spotify\" target=\"_blank\" rel=\"noopener noreferrer\">Spotify<\/a><\/strong><br \/>\n&#8211; <a href=\"https:\/\/leolop.es\/rfobia_applepodcasts\"><strong>Apple Podcasts<\/strong><\/a><br \/>\n&#8211; <strong><a href=\"http:\/\/leolop.es\/rfobia_amazon\" target=\"_blank\" rel=\"noopener\">Amazon Music<\/a><br \/>\n<\/strong>&#8211; <a href=\"https:\/\/leolop.es\/rfobia_deezer\"><strong>Deezer<\/strong><\/a><br \/>\n&#8211; <strong><a href=\"https:\/\/pca.st\/V12f\" target=\"_blank\" rel=\"noopener noreferrer\">PocketCasts<\/a><\/strong><\/p>\n<p><span style=\"color: #990000;\"><strong>Publicidade:<\/strong><\/span><br \/>\n<a href=\"http:\/\/leolop.es\/rfcontato\" target=\"_blank\" rel=\"noopener noreferrer\"><strong>Entre em contato<\/strong><\/a> e saiba como <em>anunciar sua marca, produto ou servi\u00e7o em nossos podcasts<\/em>.<\/p>\n","protected":false},"excerpt":{"rendered":"<p>Abrimos o ano em alt\u00edssimo astral batendo um papo com os irm\u00e3os Cain\u00e3, Cau\u00ea e Yna\u00ea diretamente do Cauwave e do podcast Mostrando a L\u00edngua!<\/p>\n","protected":false},"author":2,"featured_media":30491,"comment_status":"open","ping_status":"closed","sticky":false,"template":"","format":"standard","meta":{"footnotes":""},"categories":[13,35],"tags":[],"class_list":["post-30468","post","type-post","status-publish","format-standard","has-post-thumbnail","hentry","category-podcast","category-radiofobia"],"_links":{"self":[{"href":"https:\/\/radiofobia.com.br\/podcast\/wp-json\/wp\/v2\/posts\/30468","targetHints":{"allow":["GET"]}}],"collection":[{"href":"https:\/\/radiofobia.com.br\/podcast\/wp-json\/wp\/v2\/posts"}],"about":[{"href":"https:\/\/radiofobia.com.br\/podcast\/wp-json\/wp\/v2\/types\/post"}],"author":[{"embeddable":true,"href":"https:\/\/radiofobia.com.br\/podcast\/wp-json\/wp\/v2\/users\/2"}],"replies":[{"embeddable":true,"href":"https:\/\/radiofobia.com.br\/podcast\/wp-json\/wp\/v2\/comments?post=30468"}],"version-history":[{"count":9,"href":"https:\/\/radiofobia.com.br\/podcast\/wp-json\/wp\/v2\/posts\/30468\/revisions"}],"predecessor-version":[{"id":30492,"href":"https:\/\/radiofobia.com.br\/podcast\/wp-json\/wp\/v2\/posts\/30468\/revisions\/30492"}],"wp:featuredmedia":[{"embeddable":true,"href":"https:\/\/radiofobia.com.br\/podcast\/wp-json\/wp\/v2\/media\/30491"}],"wp:attachment":[{"href":"https:\/\/radiofobia.com.br\/podcast\/wp-json\/wp\/v2\/media?parent=30468"}],"wp:term":[{"taxonomy":"category","embeddable":true,"href":"https:\/\/radiofobia.com.br\/podcast\/wp-json\/wp\/v2\/categories?post=30468"},{"taxonomy":"post_tag","embeddable":true,"href":"https:\/\/radiofobia.com.br\/podcast\/wp-json\/wp\/v2\/tags?post=30468"}],"curies":[{"name":"wp","href":"https:\/\/api.w.org\/{rel}","templated":true}]}}