{"id":30527,"date":"2026-02-16T10:00:49","date_gmt":"2026-02-16T13:00:49","guid":{"rendered":"https:\/\/radiofobia.com.br\/podcast\/?p=30527"},"modified":"2026-02-16T12:44:03","modified_gmt":"2026-02-16T15:44:03","slug":"radiofobia-422-replay-com-nizo-neto","status":"publish","type":"post","link":"https:\/\/radiofobia.com.br\/podcast\/2026\/02\/radiofobia-422-replay-com-nizo-neto\/","title":{"rendered":"R\u00c1DIOFOBIA 422 &#8211; REPLAY &#8211; com Nizo Neto"},"content":{"rendered":"<p><iframe title=\"R\u00c1DIOFOBIA 422 - REPLAY - com Nizo Neto\" src=\"https:\/\/omny.fm\/shows\/radiofobia-podcast\/r-diofobia-422-replay-com-nizo-neto\/embed?style=cover\" width=\"100%\" height=\"180\" frameborder=\"0\"><\/iframe><\/p>\n<p>Sauda\u00e7\u00f5es humor\u00edsticas, ouvinte do <strong>R\u00c1DIOFOBIA<\/strong>!<\/p>\n<p>Pensa em um cara vers\u00e1til &#8211; ator, dublador, ilusionista, comediante, redator, radialista, escritor e podcaster! N\u00e3o \u00e9 para menos: filho do maior comediante que o Brasil j\u00e1 conheceu e de uma atriz e vedete do teatro de revista, nosso convidado nasceu para brilhar!<\/p>\n<p>Muita gente conhece sua voz, emprestada para personagens como <strong>Ferris Bueller<\/strong> em <strong>Curtindo a Vida Adoidado<\/strong>, <strong>Presto<\/strong> em <strong>Caverna do Drag\u00e3o<\/strong>, <strong>Fozzy<\/strong> em <strong>Muppets<\/strong>, <strong>Willycat<\/strong> em <strong>Thundercats<\/strong>, <strong>Marcus Copeland<\/strong> (disfar\u00e7ado como <strong>Tiffany Wilson<\/strong>) em <strong>As Branquelas<\/strong> e muitos mais, assim como o inconfund\u00edvel <strong>Seu Ptolomeu<\/strong> da cl\u00e1ssica <strong>Escolinha do Professor Raimundo<\/strong>!<\/p>\n<p>Em setembro de 2014 pudemos bater um papo com ele no <a href=\"https:\/\/radiofobia.com.br\/podcast\/2014\/09\/radiofobia-146-com-nizo-neto\/\"><strong>R\u00c1DIOFOBIA #146<\/strong><\/a>, e hoje temos a honra de recebe-lo novamente!<\/p>\n<p>\u00c9 hora de <a href=\"https:\/\/leolopes.com.br\/\"><strong>Leo Lopes<\/strong><\/a>, <a href=\"https:\/\/www.instagram.com\/thais.boccia\/\"><strong>Tha\u00eds Boccia<\/strong><\/a>, <a href=\"https:\/\/www.instagram.com\/thiagofuji\/\"><strong>Thiago Fujiwara<\/strong><\/a>, <a href=\"https:\/\/www.instagram.com\/juliomcg\/\"><strong>J\u00falio Macoggi<\/strong><\/a>,\u00a0<a href=\"https:\/\/www.instagram.com\/estaciojv\/\"><strong>Victor Est\u00e1cio<\/strong><\/a> e <a href=\"https:\/\/www.instagram.com\/orafatv\/\"><strong>Rafael Felipe<\/strong><\/a> se reunirem para saber tudo o que aconteceu nos \u00faltimos 12 anos na vida e na carreira do querido <strong>NIZO NETO<\/strong>, em mais um epis\u00f3dio pra l\u00e1 de especial do nosso <strong>R\u00c1DIOFOBIA REPLAY<\/strong>!<\/p>\n<p>N\u00e3o deixe de <strong>interagir com a gente nas redes sociais<\/strong>, <strong>dar seu feedback sobre o papo e sugerir temas e convidados<\/strong>\u00a0para as pr\u00f3ximas edi\u00e7\u00f5es do nosso podcast, al\u00e9m de\u00a0<strong>deixar seu coment\u00e1rio no post,<\/strong> ok? Voc\u00ea tamb\u00e9m pode agora mandar sua cartinha para a <strong>Caixa Postal 279 &#8211; CEP 13930-970 &#8211; Serra Negra &#8211; SP<\/strong>, e seu e-mail para <strong><a title=\"[GMCP] Compose a new mail to podcast@radiofobia.com.br\" href=\"mailto:podcast@radiofobia.com.br\" target=\"blank\" rel=\"noopener noreferrer\">podcast@radiofobia.com.br<\/a><\/strong>!<\/p>\n<p><strong><span style=\"color: #990000;\">Arte do epis\u00f3dio:<\/span><\/strong>\u00a0<a href=\"https:\/\/linktr.ee\/sandrohojo\">Sandro Hojo<\/a><\/p>\n<p><iframe title=\"YouTube video player\" src=\"https:\/\/www.youtube.com\/embed\/dS9_djyuCxw?si=fF6G-_o2bBPnU_EB\" frameborder=\"0\" allowfullscreen=\"allowfullscreen\"><span data-mce-type=\"bookmark\" style=\"display: inline-block; width: 0px; overflow: hidden; line-height: 0;\" class=\"mce_SELRES_start\">\ufeff<\/span><\/iframe><\/p>\n<p><strong><span style=\"color: #990000;\">Links citados no epis\u00f3dio:<\/span><\/strong><br \/>\n&#8211; <a href=\"https:\/\/radiofobia.com.br\/podcast\/2022\/03\/radiofobia-323-10-anos-sem-chico-anysio\/\">RADIOFOBIA 323 \u2013 10 anos sem Chico Anysio, com Bino de Souza<\/a><br \/>\n&#8211; <a href=\"https:\/\/www.youtube.com\/watch?v=vjfEw_aYZHU\">BIANO DE SOUZA &#8211; HUMORISTA E MELHOR IMITADOR DO CHICO ANYSIO &#8211; NIZOL\u00d3GICO #03<\/a><br \/>\n&#8211; <a href=\"https:\/\/www.instagram.com\/nuncadesistadeseussonhosteatro\/\">Clique para saber onde assistir a pe\u00e7a &#8220;Nunca desista de seus sonhos&#8221;<\/a><br \/>\n&#8211; <a href=\"https:\/\/www.youtube.com\/playlist?list=PL031Qw1jZalXOSspgNLA7fXEFikXdTFOj\">NIZOL\u00d3GICO<\/a><br \/>\n&#8211; <a href=\"https:\/\/cursonizoneto.com.br\/\">Curso online de dublagem com Nizo Neto<\/a><br \/>\n&#8211; <a href=\"https:\/\/nizoneto.com.br\/\">Nizo Neto &#8211; Mestre de cerim\u00f4nias e palestrante motivacional<\/a><\/p>\n<p><strong><span style=\"color: #990000;\">Links citados nas Cartinhas do Tot\u00f4:<\/span><\/strong><br \/>\n&#8211; <a href=\"https:\/\/cursodepodcast.com.br\">matricule-se j\u00e1 no <strong>Curso de Podcast<\/strong><\/a><br \/>\n&#8211; garanta o livro <a href=\"https:\/\/pay.kiwify.com.br\/0bhjqUb\">Curso de Podcast &#8211; Guia B\u00e1sico em PDF<\/a> e <a href=\"https:\/\/amzn.to\/4pD68OE\">na Amazon para o seu Kindle<\/a><br \/>\n&#8211; <a href=\"https:\/\/podcaststore.com.br\/\"><strong>Podcast Store<\/strong> &#8211; a loja de produtos exclusivos da podosfera brasileira<\/a><br \/>\n&#8211; <a href=\"https:\/\/institutoamargen.com.br\/\">Instituto Amargen<\/a><br \/>\n&#8211; <a href=\"https:\/\/leolop.es\/acepipes\">clique para assinar e ouvir o podcast <strong>Acepipes e Birinaites<\/strong><\/a><\/p>\n<p><img fetchpriority=\"high\" decoding=\"async\" class=\"wp-image-30501 size-full aligncenter\" src=\"https:\/\/radiofobia.com.br\/podcast\/wp-content\/uploads\/2026\/01\/cdp_banner_202601.gif\" alt=\"Curso de Podcast\" width=\"948\" height=\"250\" \/><\/p>\n<p><strong><span style=\"color: #990000;\">Links que indicamos sempre:<\/span><\/strong><br \/>\n&#8211; <a href=\"https:\/\/open.spotify.com\/show\/7tRck5La3P4aIDUdvdRoMA\">ou\u00e7a o <strong>Ineditados Podcast<\/strong><\/a><br \/>\n&#8211; <a href=\"http:\/\/radiofobiaclassics.com.br\/\">Acesse o novo site e ou\u00e7a a R\u00c1DIO 24h NO AR do <strong>R\u00e1diofobia Classics!<\/strong><\/a><br \/>\n&#8211; <a href=\"https:\/\/cursodepodcast.com\/\">assine o canal do <strong>Curso de Podcast<\/strong> no YouTube<\/a><br \/>\n&#8211; <a href=\"https:\/\/www.instagram.com\/ocursodepodcast\/\">siga <strong>@ocursodepodcast<\/strong> no Instagram<\/a><br \/>\n&#8211; <a href=\"https:\/\/t.me\/radiofobianetwork\" target=\"_blank\" rel=\"noopener noreferrer\">participe do <strong>grupo de produtores, apresentadores e ouvintes dos podcasts da R\u00e1diofobia Podcast Network no Telegram<\/strong><\/a><\/p>\n<p><span style=\"color: #990000;\"><strong>Ou\u00e7a o R\u00e1diofobia Podcast nos principais agregadores:<\/strong><\/span><br \/>\n&#8211; <strong><a href=\"https:\/\/leolop.es\/rfobia_spotify\" target=\"_blank\" rel=\"noopener noreferrer\">Spotify<\/a><\/strong><br \/>\n&#8211; <a href=\"https:\/\/leolop.es\/rfobia_applepodcasts\"><strong>Apple Podcasts<\/strong><\/a><br \/>\n&#8211; <strong><a href=\"http:\/\/leolop.es\/rfobia_amazon\" target=\"_blank\" rel=\"noopener\">Amazon Music<\/a><br \/>\n<\/strong>&#8211; <a href=\"https:\/\/leolop.es\/rfobia_deezer\"><strong>Deezer<\/strong><\/a><br \/>\n&#8211; <strong><a href=\"https:\/\/pca.st\/V12f\" target=\"_blank\" rel=\"noopener noreferrer\">PocketCasts<\/a><\/strong><\/p>\n<p><span style=\"color: #990000;\"><strong>Publicidade:<\/strong><\/span><br \/>\n<a href=\"http:\/\/leolop.es\/rfcontato\" target=\"_blank\" rel=\"noopener noreferrer\"><strong>Entre em contato<\/strong><\/a> e saiba como <em>anunciar sua marca, produto ou servi\u00e7o em nossos podcasts<\/em>.<\/p>\n","protected":false},"excerpt":{"rendered":"<p>Depois de quase 12 anos, batemos novamente um papo com Nizo Neto em mais um epis\u00f3dio do R\u00e1diofobia REPLAY!<\/p>\n","protected":false},"author":2,"featured_media":30531,"comment_status":"open","ping_status":"closed","sticky":false,"template":"","format":"standard","meta":{"footnotes":""},"categories":[26,86,13,35],"tags":[],"class_list":["post-30527","post","type-post","status-publish","format-standard","has-post-thumbnail","hentry","category-humoristas","category-o-coracao-da-voz","category-podcast","category-radiofobia"],"_links":{"self":[{"href":"https:\/\/radiofobia.com.br\/podcast\/wp-json\/wp\/v2\/posts\/30527","targetHints":{"allow":["GET"]}}],"collection":[{"href":"https:\/\/radiofobia.com.br\/podcast\/wp-json\/wp\/v2\/posts"}],"about":[{"href":"https:\/\/radiofobia.com.br\/podcast\/wp-json\/wp\/v2\/types\/post"}],"author":[{"embeddable":true,"href":"https:\/\/radiofobia.com.br\/podcast\/wp-json\/wp\/v2\/users\/2"}],"replies":[{"embeddable":true,"href":"https:\/\/radiofobia.com.br\/podcast\/wp-json\/wp\/v2\/comments?post=30527"}],"version-history":[{"count":5,"href":"https:\/\/radiofobia.com.br\/podcast\/wp-json\/wp\/v2\/posts\/30527\/revisions"}],"predecessor-version":[{"id":30533,"href":"https:\/\/radiofobia.com.br\/podcast\/wp-json\/wp\/v2\/posts\/30527\/revisions\/30533"}],"wp:featuredmedia":[{"embeddable":true,"href":"https:\/\/radiofobia.com.br\/podcast\/wp-json\/wp\/v2\/media\/30531"}],"wp:attachment":[{"href":"https:\/\/radiofobia.com.br\/podcast\/wp-json\/wp\/v2\/media?parent=30527"}],"wp:term":[{"taxonomy":"category","embeddable":true,"href":"https:\/\/radiofobia.com.br\/podcast\/wp-json\/wp\/v2\/categories?post=30527"},{"taxonomy":"post_tag","embeddable":true,"href":"https:\/\/radiofobia.com.br\/podcast\/wp-json\/wp\/v2\/tags?post=30527"}],"curies":[{"name":"wp","href":"https:\/\/api.w.org\/{rel}","templated":true}]}}