{"id":30535,"date":"2026-03-02T10:00:35","date_gmt":"2026-03-02T13:00:35","guid":{"rendered":"https:\/\/radiofobia.com.br\/podcast\/?p=30535"},"modified":"2026-03-02T12:14:24","modified_gmt":"2026-03-02T15:14:24","slug":"radiofobia-423-celebrando-17-ano-no-ar-com-katiucha-barcelos","status":"publish","type":"post","link":"https:\/\/radiofobia.com.br\/podcast\/2026\/03\/radiofobia-423-celebrando-17-ano-no-ar-com-katiucha-barcelos\/","title":{"rendered":"R\u00c1DIOFOBIA 423 &#8211; Celebrando 17 ANO NO AR, com Katiucha Barcelos"},"content":{"rendered":"<p><iframe title=\"R\u00c1DIOFOBIA 423 - Celebrando 17 ANO NO AR, com Katiucha Barcelos\" src=\"https:\/\/omny.fm\/shows\/radiofobia-podcast\/r-diofobia-423-celebrando-17-ano-no-ar-com-katiucha-barcelos\/embed?media=audio&amp;size=wide&amp;style=cover\" width=\"100%\" height=\"180\" frameborder=\"0\"><\/iframe><\/p>\n<p>Sauda\u00e7\u00f5es festivas, ouvinte do <strong>R\u00c1DIOFOBIA<\/strong>!<\/p>\n<p>Chegamos a mais um <strong>ESPECIAL DE ANIVERS\u00c1RIO<\/strong>! No epis\u00f3dio de hoje celebramos <strong>17 ANO NO AR<\/strong>!<\/p>\n<p><strong>MUITO OBRIGADO<\/strong> a voc\u00ea que nos acompanha h\u00e1 tanto tempo e \u00e9 a raz\u00e3o de ainda estarmos aqui com um novo programa a cada duas semanas!<\/p>\n<p>Este ano resolvemos celebrar trazendo uma convidada que assim como n\u00f3s ama uma boa hist\u00f3ria, al\u00e9m de ser apaixonada por gatos, chocolate amargo e videogames! Em seus canais e podcasts ela fala de nerdices, aleatoriedades, cultura pop, RPG e muito mais!<\/p>\n<p>Convidamos voc\u00ea a comemorar com <a href=\"https:\/\/leolopes.com.br\/\"><strong>Leo Lopes<\/strong><\/a>, <a href=\"https:\/\/www.instagram.com\/natynogueira\/\"><strong>Naty Nogueira<\/strong><\/a>, <a href=\"https:\/\/www.instagram.com\/jedalcin\/\"><strong>J\u00e9ssica Dalcin<\/strong><\/a>,\u00a0 <a href=\"https:\/\/www.instagram.com\/juliomcg\/\"><strong>J\u00falio Macoggi<\/strong><\/a> e\u00a0<a href=\"https:\/\/www.instagram.com\/estaciojv\/\"><strong>Victor Est\u00e1cio<\/strong><\/a> mais um ano de amizade e bons papos recebendo a nossa amiga <a href=\"https:\/\/www.instagram.com\/katbarcelos\/\"><strong>Katiucha Barcelos<\/strong><\/a> nesse epis\u00f3dio totalmente festivo do nosso <strong>R\u00c1DIOFOBIA<\/strong>!<\/p>\n<p>N\u00e3o deixe de <strong>interagir com a gente nas redes sociais<\/strong>, <strong>dar seu feedback sobre o papo e sugerir temas e convidados<\/strong>\u00a0para as pr\u00f3ximas edi\u00e7\u00f5es do nosso podcast, al\u00e9m de\u00a0<strong>deixar seu coment\u00e1rio no post,<\/strong> ok? Voc\u00ea tamb\u00e9m pode agora mandar sua cartinha para a <strong>Caixa Postal 279 &#8211; CEP 13930-970 &#8211; Serra Negra &#8211; SP<\/strong>, e seu e-mail para <strong><a title=\"[GMCP] Compose a new mail to podcast@radiofobia.com.br\" href=\"mailto:podcast@radiofobia.com.br\" target=\"blank\" rel=\"noopener noreferrer\">podcast@radiofobia.com.br<\/a><\/strong>!<\/p>\n<p><strong><span style=\"color: #990000;\">Arte do epis\u00f3dio:<\/span><\/strong>\u00a0<a href=\"https:\/\/linktr.ee\/sandrohojo\">Sandro Hojo<\/a><\/p>\n<p><iframe title=\"YouTube video player\" src=\"https:\/\/www.youtube.com\/embed\/lvKs6Y3yBIY?si=54DSSHLDsSuQDzSB\" frameborder=\"0\" allowfullscreen=\"allowfullscreen\"><\/iframe><\/p>\n<p><strong><span style=\"color: #990000;\">Links citados no epis\u00f3dio:<\/span><\/strong><br \/>\n&#8211; <a href=\"https:\/\/www.twitch.tv\/jamboeditora\">acompanhe as LIVEs de Fim dos Tempos pelo canal da Jamb\u00f4 Editora na Twitch<\/a><br \/>\n&#8211; <a href=\"https:\/\/open.spotify.com\/show\/0zLUAET9wfl7hz23eXVtCd?si=03c31b7bb0e84701\">ou\u00e7a o Vortex Podcast<\/a><\/p>\n<p><strong><span style=\"color: #990000;\">Links citados nas Cartinhas do Tot\u00f4:<\/span><\/strong><br \/>\n&#8211; <a href=\"https:\/\/cursodepodcast.com.br\">matricule-se j\u00e1 no <strong>Curso de Podcast<\/strong><\/a><br \/>\n&#8211; garanta o livro <a href=\"https:\/\/pay.kiwify.com.br\/0bhjqUb\">Curso de Podcast &#8211; Guia B\u00e1sico em PDF<\/a> e <a href=\"https:\/\/amzn.to\/4pD68OE\">na Amazon para o seu Kindle<\/a><br \/>\n&#8211; <a href=\"https:\/\/podcaststore.com.br\/\"><strong>Podcast Store<\/strong> &#8211; a loja de produtos exclusivos da podosfera brasileira<\/a><br \/>\n&#8211; <a href=\"https:\/\/institutoamargen.com.br\/\">Instituto Amargen<\/a><br \/>\n&#8211; <a href=\"https:\/\/leolop.es\/acepipes\">clique para assinar e ouvir o podcast <strong>Acepipes e Birinaites<\/strong><\/a><\/p>\n<p><img fetchpriority=\"high\" decoding=\"async\" class=\"wp-image-30501 size-full aligncenter\" src=\"https:\/\/radiofobia.com.br\/podcast\/wp-content\/uploads\/2026\/01\/cdp_banner_202601.gif\" alt=\"Curso de Podcast\" width=\"948\" height=\"250\" \/><\/p>\n<p><strong><span style=\"color: #990000;\">Links que indicamos sempre:<\/span><\/strong><br \/>\n&#8211; <a href=\"https:\/\/open.spotify.com\/show\/7tRck5La3P4aIDUdvdRoMA\">ou\u00e7a o <strong>Ineditados Podcast<\/strong><\/a><br \/>\n&#8211; <a href=\"http:\/\/radiofobiaclassics.com.br\/\">Acesse o novo site e ou\u00e7a a R\u00c1DIO 24h NO AR do <strong>R\u00e1diofobia Classics!<\/strong><\/a><br \/>\n&#8211; <a href=\"https:\/\/cursodepodcast.com\/\">assine o canal do <strong>Curso de Podcast<\/strong> no YouTube<\/a><br \/>\n&#8211; <a href=\"https:\/\/www.instagram.com\/ocursodepodcast\/\">siga <strong>@ocursodepodcast<\/strong> no Instagram<\/a><br \/>\n&#8211; <a href=\"https:\/\/t.me\/radiofobianetwork\" target=\"_blank\" rel=\"noopener noreferrer\">participe do <strong>grupo de produtores, apresentadores e ouvintes dos podcasts da R\u00e1diofobia Podcast Network no Telegram<\/strong><\/a><\/p>\n<p><span style=\"color: #990000;\"><strong>Ou\u00e7a o R\u00e1diofobia Podcast nos principais agregadores:<\/strong><\/span><br \/>\n&#8211; <strong><a href=\"https:\/\/leolop.es\/rfobia_spotify\" target=\"_blank\" rel=\"noopener noreferrer\">Spotify<\/a><\/strong><br \/>\n&#8211; <a href=\"https:\/\/leolop.es\/rfobia_applepodcasts\"><strong>Apple Podcasts<\/strong><\/a><br \/>\n&#8211; <strong><a href=\"http:\/\/leolop.es\/rfobia_amazon\" target=\"_blank\" rel=\"noopener\">Amazon Music<\/a><br \/>\n<\/strong>&#8211; <a href=\"https:\/\/leolop.es\/rfobia_deezer\"><strong>Deezer<\/strong><\/a><br \/>\n&#8211; <strong><a href=\"https:\/\/pca.st\/V12f\" target=\"_blank\" rel=\"noopener noreferrer\">PocketCasts<\/a><\/strong><\/p>\n<p><span style=\"color: #990000;\"><strong>Publicidade:<\/strong><\/span><br \/>\n<a href=\"http:\/\/leolop.es\/rfcontato\" target=\"_blank\" rel=\"noopener noreferrer\"><strong>Entre em contato<\/strong><\/a> e saiba como <em>anunciar sua marca, produto ou servi\u00e7o em nossos podcasts<\/em>.<\/p>\n","protected":false},"excerpt":{"rendered":"<p>Convidamos voc\u00ea a comemorar com a gente 17 ANOS NO AR batendo um papo com nossa amiga Katiucha Barcelos!<\/p>\n","protected":false},"author":2,"featured_media":30537,"comment_status":"open","ping_status":"closed","sticky":false,"template":"","format":"standard","meta":{"footnotes":""},"categories":[13,72,35],"tags":[],"class_list":["post-30535","post","type-post","status-publish","format-standard","has-post-thumbnail","hentry","category-podcast","category-podosfera-podcast","category-radiofobia"],"_links":{"self":[{"href":"https:\/\/radiofobia.com.br\/podcast\/wp-json\/wp\/v2\/posts\/30535","targetHints":{"allow":["GET"]}}],"collection":[{"href":"https:\/\/radiofobia.com.br\/podcast\/wp-json\/wp\/v2\/posts"}],"about":[{"href":"https:\/\/radiofobia.com.br\/podcast\/wp-json\/wp\/v2\/types\/post"}],"author":[{"embeddable":true,"href":"https:\/\/radiofobia.com.br\/podcast\/wp-json\/wp\/v2\/users\/2"}],"replies":[{"embeddable":true,"href":"https:\/\/radiofobia.com.br\/podcast\/wp-json\/wp\/v2\/comments?post=30535"}],"version-history":[{"count":5,"href":"https:\/\/radiofobia.com.br\/podcast\/wp-json\/wp\/v2\/posts\/30535\/revisions"}],"predecessor-version":[{"id":30544,"href":"https:\/\/radiofobia.com.br\/podcast\/wp-json\/wp\/v2\/posts\/30535\/revisions\/30544"}],"wp:featuredmedia":[{"embeddable":true,"href":"https:\/\/radiofobia.com.br\/podcast\/wp-json\/wp\/v2\/media\/30537"}],"wp:attachment":[{"href":"https:\/\/radiofobia.com.br\/podcast\/wp-json\/wp\/v2\/media?parent=30535"}],"wp:term":[{"taxonomy":"category","embeddable":true,"href":"https:\/\/radiofobia.com.br\/podcast\/wp-json\/wp\/v2\/categories?post=30535"},{"taxonomy":"post_tag","embeddable":true,"href":"https:\/\/radiofobia.com.br\/podcast\/wp-json\/wp\/v2\/tags?post=30535"}],"curies":[{"name":"wp","href":"https:\/\/api.w.org\/{rel}","templated":true}]}}