{"id":30548,"date":"2026-03-10T10:00:03","date_gmt":"2026-03-10T13:00:03","guid":{"rendered":"https:\/\/radiofobia.com.br\/podcast\/?p=30548"},"modified":"2026-03-06T16:07:39","modified_gmt":"2026-03-06T19:07:39","slug":"voz-off-103-cesar-carvalho","status":"publish","type":"post","link":"https:\/\/radiofobia.com.br\/podcast\/2026\/03\/voz-off-103-cesar-carvalho\/","title":{"rendered":"VOZ OFF 103 &#8211; Cesar Carvalho"},"content":{"rendered":"<p><iframe title=\"VOZ OFF 103 - Cesar Carvalho\" src=\"https:\/\/omny.fm\/shows\/voz-off\/voz-off-103-cesar-carvalho\/embed?media=audio&amp;size=wide&amp;style=cover\" width=\"100%\" height=\"180\" frameborder=\"0\"><\/iframe><\/p>\n<p><em><strong>Sauda\u00e7\u00f5es, ouvintes apaixonados por locu\u00e7\u00e3o. Est\u00e1 NO AR o\u00a0<\/strong><\/em><em><strong>103\u00ba podcast VOZ OFF!<\/strong><\/em><\/p>\n<p>Neste epis\u00f3dio<span style=\"color: #666666;\">, <strong><a href=\"https:\/\/twitter.com\/antonioviviani\" target=\"_blank\" rel=\"noopener noreferrer\" data-saferedirecturl=\"https:\/\/www.google.com\/url?q=https:\/\/twitter.com\/antonioviviani&amp;source=gmail&amp;ust=1547142011247000&amp;usg=AFQjCNGZ8kg3VQj-BI_K7dDR21HNmPxEOA\">Ant\u00f4nio Viviani<\/a>\u00a0<\/strong>e\u00a0<strong><a href=\"https:\/\/twitter.com\/nicolalauletta\" target=\"_blank\" rel=\"noopener noreferrer\" data-saferedirecturl=\"https:\/\/www.google.com\/url?q=https:\/\/twitter.com\/nicolalauletta&amp;source=gmail&amp;ust=1547142011247000&amp;usg=AFQjCNEexDjV314C4BXxGZ5bnNDyXJ1YVg\">Nicola Lauletta<\/a> <\/strong><\/span>conversam com mais uma grande voz do r\u00e1dio.<\/p>\n<p>Nascido em Faxinal, no Centro-Oeste do Estado do Paran\u00e1, de pais agricultores, foi na adolesc\u00eancia para Assis e come\u00e7ou a trabalhar internamente em v\u00e1rias fun\u00e7\u00f5es na R\u00e1dio Cultura de Assis. Quando passou a ser r\u00e1dio-escuta da r\u00e1dio, seu horizonte se abriu: ouvia m\u00fasicas de sucesso, que passou a admirar e conheceu as grandes vozes do r\u00e1dio, como H\u00e9lio Ribeiro, a equipe da Difusora AM, entre outras, mas l\u00e1 s\u00f3 ficou na \u00e1rea operacional.<\/p>\n<p>Depois da perda da m\u00e3e, mudou-se para outras cidades e acabou arrumando um emprego na R\u00e1dio Stereo Vale, em S\u00e3o Jos\u00e9 dos Campos &#8211; SP, onde depois de come\u00e7ar na \u00e1rea t\u00e9cnica, como sonoplasta e operador, teve a primeira oportunidade no microfone.<\/p>\n<p>Depois de 2 anos foi para Santos e fez parte da inaugura\u00e7\u00e3o da Tribuna FM onde foi locutor e depois assumiu tamb\u00e9m a coordena\u00e7\u00e3o da r\u00e1dio. O pr\u00f3ximo passo foi vir para S\u00e3o Paulo onde come\u00e7ou na Manchete FM. Depois vieram Eldorado, cabine na TV Globo, comerciais da Globotec at\u00e9 que deu uma parada por stress e voltou para Santos.<\/p>\n<p>Ao parar com o r\u00e1dio, n\u00e3o deixou de trabalhar com locu\u00e7\u00e3o, mas tamb\u00e9m passou a trabalhar com com\u00e9rcio internacional, na \u00e1rea da sustentabilidade e na produ\u00e7\u00e3o de eventos at\u00e9 voltar a S\u00e3o Paulo e entrar na Opus FM junto com os ex-companheiros da Eldorado.<\/p>\n<p>Quem vai contar essa sua hist\u00f3ria de sucesso \u00e9 <strong>Cesar Carvalho<\/strong>.<\/p>\n<p>A conversa aconteceu em fevereiro de 2026 e voc\u00ea vai ficar sabendo que a sofisticada Opus, virou a popular Nativa, que at\u00e9 hoje faz muito sucesso. Em seguida trabalhou na Fox TV, onde fez chamadas, Antena 1, Alpha FM onde foi voz padr\u00e3o, e continua atuando nos projetos extra-r\u00e1dio como representa\u00e7\u00e3o de grandes produtores internacionais de vinho, entre outros grandes projetos.<\/p>\n<p>Com a gente, e pra voc\u00eas: <strong>CESAR CARVALHO<\/strong>!<\/p>\n<p><strong style=\"color: #990000;\">Para seguir nas redes sociais:<\/strong><br \/>\n&#8211; <a href=\"https:\/\/www.facebook.com\/podcastvozoff\/\" target=\"_blank\" rel=\"noopener noreferrer\">Curta a p\u00e1gina do podcast <strong>Voz Off<\/strong> no Facebook<\/a><br \/>\n&#8211; <a href=\"https:\/\/twitter.com\/podcastvozoff\" target=\"_blank\" rel=\"noopener noreferrer\">Siga o <strong>@podcastvozoff<\/strong> no Twitter<\/a><br \/>\n&#8211; <a href=\"https:\/\/www.facebook.com\/antoniovivianilocutor\/\" target=\"_blank\" rel=\"noopener noreferrer\">Curta a p\u00e1gina do <strong>Antonio Viviani<\/strong> no Facebook<\/a><br \/>\n&#8211; <a href=\"https:\/\/twitter.com\/antonioviviani\" target=\"_blank\" rel=\"noopener noreferrer\">Siga o <strong>@antonioviviani<\/strong> no Twitter<\/a><br \/>\n&#8211; <a href=\"https:\/\/www.instagram.com\/antonio.viviani\/\" target=\"_blank\" rel=\"noopener noreferrer\">Siga o <strong>@antonio.viviani<\/strong> no Instagram<\/a><br \/>\n&#8211; <a href=\"https:\/\/twitter.com\/nicolalauletta\" target=\"_blank\" rel=\"noopener noreferrer\">Siga o <strong>@nicolalauletta<\/strong> no Twitter<\/a><br \/>\n&#8211; <a href=\"https:\/\/www.facebook.com\/EchosStudios\" target=\"_blank\" rel=\"noopener noreferrer\">Curta a p\u00e1gina do <strong>Echo&#8217;s Studio<\/strong> no Facebook<\/a><br \/>\n&#8211; <a href=\"https:\/\/www.facebook.com\/vozaobra\/\" target=\"_blank\" rel=\"noopener noreferrer\">Curta a p\u00e1gina do <strong>Workshop de Locu\u00e7\u00e3o Voz A Obra<\/strong>\u00a0no Facebook<\/a><br \/>\n&#8211; <a href=\"http:\/\/leolop.es\/textosentido\" target=\"_blank\" rel=\"noopener noreferrer\">Ou\u00e7a tamb\u00e9m o podcast <strong>TEXTO SENTIDO<\/strong> com Ant\u00f4nio Viviani<\/a><\/p>\n<p><strong style=\"color: #990000;\">Assine o FEED do Voz Off:<\/strong><br \/>\nPara ouvir o Voz Off no seu agregador de podcasts preferido, <a href=\"http:\/\/leolop.es\/feedvozoff\" target=\"_blank\" rel=\"noopener noreferrer\"><strong>clique aqui e assine o nosso FEED<\/strong><\/a>!<\/p>\n<p><strong style=\"color: #990000;\">Assine e avalie nosso podcast no iTunes:<\/strong><br \/>\nSe voc\u00ea usa o<strong> iTunes<\/strong> no seu computador, tablet ou smartphone, <a href=\"https:\/\/itunes.apple.com\/us\/podcast\/id1252595385\" target=\"_blank\" rel=\"noopener noreferrer\"><strong>assine e avalie nosso podcast clicando aqui<\/strong><\/a>!<\/p>\n<p><strong style=\"color: #990000;\">Voz Off no Spotify:<\/strong><br \/>\nCaso prefira ouvir o <strong>Voz Off <\/strong>no<strong> Spotify<\/strong>, <a href=\"https:\/\/open.spotify.com\/show\/16gSvztELYfMu42Vu22gug?si=UW6_DO3bQwaYUt4aNjb4TQ\" target=\"_blank\" rel=\"noopener noreferrer\"><strong>\u00e9 s\u00f3 clicar aqui e assinar o nosso podcast no servi\u00e7o de streaming<\/strong><\/a>!<\/p>\n<p><span style=\"color: #990000;\"><strong>E-mails:<\/strong><\/span><br \/>\nMande seu feedback pra gente atrav\u00e9s do e-mail\u00a0<a href=\"mailto:podcastvozoff@gmail.com\"><strong>podcastvozoff@gmail.com<\/strong><\/a>!<\/p>\n<p><span style=\"color: #990000;\"><strong>Publicidade:<\/strong><\/span><br \/>\n<a href=\"http:\/\/leolop.es\/rfcontato\" target=\"_blank\" rel=\"noopener noreferrer\"><strong>Entre em contato<\/strong><\/a> e saiba como <em>anunciar sua marca, produto ou servi\u00e7o em nossos podcasts<\/em>.<\/p>\n","protected":false},"excerpt":{"rendered":"<p>Neste epis\u00f3dio, Ant\u00f4nio Viviani\u00a0e\u00a0Nicola Lauletta conversam com mais uma grande voz do r\u00e1dio: Cesar Carvalho!<\/p>\n","protected":false},"author":2,"featured_media":30549,"comment_status":"open","ping_status":"closed","sticky":false,"template":"","format":"standard","meta":{"footnotes":""},"categories":[13,1220],"tags":[],"class_list":["post-30548","post","type-post","status-publish","format-standard","has-post-thumbnail","hentry","category-podcast","category-vozoff"],"_links":{"self":[{"href":"https:\/\/radiofobia.com.br\/podcast\/wp-json\/wp\/v2\/posts\/30548","targetHints":{"allow":["GET"]}}],"collection":[{"href":"https:\/\/radiofobia.com.br\/podcast\/wp-json\/wp\/v2\/posts"}],"about":[{"href":"https:\/\/radiofobia.com.br\/podcast\/wp-json\/wp\/v2\/types\/post"}],"author":[{"embeddable":true,"href":"https:\/\/radiofobia.com.br\/podcast\/wp-json\/wp\/v2\/users\/2"}],"replies":[{"embeddable":true,"href":"https:\/\/radiofobia.com.br\/podcast\/wp-json\/wp\/v2\/comments?post=30548"}],"version-history":[{"count":2,"href":"https:\/\/radiofobia.com.br\/podcast\/wp-json\/wp\/v2\/posts\/30548\/revisions"}],"predecessor-version":[{"id":30551,"href":"https:\/\/radiofobia.com.br\/podcast\/wp-json\/wp\/v2\/posts\/30548\/revisions\/30551"}],"wp:featuredmedia":[{"embeddable":true,"href":"https:\/\/radiofobia.com.br\/podcast\/wp-json\/wp\/v2\/media\/30549"}],"wp:attachment":[{"href":"https:\/\/radiofobia.com.br\/podcast\/wp-json\/wp\/v2\/media?parent=30548"}],"wp:term":[{"taxonomy":"category","embeddable":true,"href":"https:\/\/radiofobia.com.br\/podcast\/wp-json\/wp\/v2\/categories?post=30548"},{"taxonomy":"post_tag","embeddable":true,"href":"https:\/\/radiofobia.com.br\/podcast\/wp-json\/wp\/v2\/tags?post=30548"}],"curies":[{"name":"wp","href":"https:\/\/api.w.org\/{rel}","templated":true}]}}