{"id":3137,"date":"2011-09-07T00:00:43","date_gmt":"2011-09-07T03:00:43","guid":{"rendered":"http:\/\/radiofobia.com.br\/?p=3137"},"modified":"2022-03-13T18:23:47","modified_gmt":"2022-03-13T21:23:47","slug":"radiofobia-65-eu-gosto-e-da-madruga","status":"publish","type":"post","link":"https:\/\/radiofobia.com.br\/podcast\/2011\/09\/radiofobia-65-eu-gosto-e-da-madruga\/","title":{"rendered":"RADIOFOBIA 65 &#8211; Eu gosto \u00e9 da madruga!"},"content":{"rendered":"<p><iframe title=\"RADIOFOBIA 65 \u2013 Eu gosto \u00e9 da madruga!\" src=\"https:\/\/omny.fm\/shows\/radiofobia-podcast\/radiofobia-65-eu-gosto-da-madruga\/embed\" width=\"100%\" height=\"180\" frameborder=\"0\"><\/iframe><\/p>\n<p>No pograma de hoje, acompanhe um papo totalmente descontra\u00eddo entre cinco amigos que funcionam melhor quando todos mundo est\u00e1 dormindo <em>(ou o que quer que isso signifique&#8230;)<\/em>!<\/p>\n<p><strong><a href=\"http:\/\/twitter.com\/leoradiofobia\" target=\"_blank\" rel=\"noopener\">Leo Lopes<\/a> <\/strong>e <strong><a href=\"http:\/\/twitter.com\/johnveejones\" target=\"_blank\" rel=\"noopener\">Vitor Rossi<\/a><\/strong> recebem de volta nosso amigo <strong><a href=\"http:\/\/twitter.com\/sitedomau\" target=\"_blank\" rel=\"noopener\">Mau Faccio<\/a><\/strong> <em>(<a href=\"http:\/\/www.sitedomau.com\" target=\"_blank\" rel=\"noopener\">Site do Mau<\/a>)<\/em> e convidam os not\u00edvagos <strong><a href=\"http:\/\/twitter.com\/hugoels\" target=\"_blank\" rel=\"noopener\">Hugo Soares<\/a><\/strong> <em>(<a href=\"http:\/\/www.pautalivrenews.com\" target=\"_blank\" rel=\"noopener\">Pauta Livre News<\/a>)<\/em> e <strong><a href=\"http:\/\/twitter.com\/rodreis\" target=\"_blank\" rel=\"noopener\">Rod Reis<\/a><\/strong> <em>(<a href=\"http:\/\/rodreis.com\/\" target=\"_blank\" rel=\"noopener\">RodReis.com<\/a>)<\/em> para contarem, afinal de contas, <strong>por que gostam mesmo \u00e9 da madrugada<\/strong>?<\/p>\n<p>Entre outras inutilidades, voc\u00ea vai saber quem esperava os pais dormirem pra ver <strong>Emmanuelle na Sexta Sexy<\/strong>, aprender as melhores <strong>t\u00e9cnicas para mostrar que voc\u00ea n\u00e3o gosta de ser acordado antes das 10 da madrugada <\/strong>e descobrir quais os <strong>sintomas da S\u00edndrome do Autismo da Madruga<\/strong>, al\u00e9m de dicas important\u00edssimas <em>(#NOT)<\/em> sobre como <strong>aproveitar sua madrugada de forma saud\u00e1vel<\/strong>! <em>(#NOTMESMO!)<\/em><\/p>\n<p style=\"text-align: left;\"><strong><span style=\"color: #990000;\">Mel\u00f3dias selecionadas pra criar aquele clima de balada:<\/span><\/strong><br \/>\n&#8211; <strong>MGMT &#8211; <\/strong>Kids<br \/>\n&#8211; <strong>The Smiths<\/strong> &#8211; This Charming Man<br \/>\n&#8211; <strong>LMFAO Feat. Lauren Bennett &amp; Goon Rock\u00a0&#8211; <\/strong>Party Rock Anthem<br \/>\n&#8211; <strong>Dj Joe K feat. Jerique<\/strong> &#8211; Dancing In The Streets<\/p>\n<p><strong><span style=\"color: #990000;\">Links citados na se\u00e7\u00e3o de e-mails, abrax e recadalhos:<\/span><\/strong><br \/>\n&#8211; <a href=\"http:\/\/migre.me\/5DcXE\" target=\"_blank\" rel=\"noopener\">Carta aberta aos podcasters<\/a>, por <a href=\"http:\/\/twitter.com\/ricferrodesign\" target=\"_blank\" rel=\"noopener\">Ricardo Ferro<\/a><br \/>\n&#8211; <a href=\"http:\/\/radiofobia.com.br\/site\/wp-content\/uploads\/2011\/09\/meme_dex_radiofobia_64.png\" target=\"_blank\" rel=\"noopener\">Tirinha inspirada no RADIOFOBIA 64, por Andr\u00e9 &#8220;Dex&#8221;<\/a><br \/>\n&#8211; <a href=\"http:\/\/www.quadrim.com.br\/index.php?option=com_content&amp;view=category&amp;id=84&amp;Itemid=5\" target=\"_blank\" rel=\"noopener\">Quadrimcast<\/a><\/p>\n<p><strong><span style=\"color: #990000;\">Links citados ao longo do pograma:<\/span><\/strong><br \/>\n&#8211; <a href=\"http:\/\/radiofobia.com.br\/site\/wp-content\/uploads\/2011\/09\/leo_xande_youpix.jpg\" target=\"_blank\" rel=\"noopener\">Foto de Leo e Xande tirada com carinho pro Vitor Rossi<\/a><br \/>\n&#8211; <a href=\"http:\/\/www.sitedomau.com\" target=\"_blank\" rel=\"noopener\">Site do Mau<\/a><br \/>\n&#8211; <a href=\"http:\/\/www.pautalivrenews.com.br\/\" target=\"_blank\" rel=\"noopener\">Pauta Livre News<\/a><br \/>\n&#8211; <a href=\"http:\/\/rodreis.com\/category\/mundo-rod\/\" target=\"_blank\" rel=\"noopener\">Mundo Rod Podcast<\/a><br \/>\n&#8211; <a href=\"http:\/\/rodreis.com\/\" target=\"_blank\" rel=\"noopener\">Site do Rod Reis<\/a><\/p>\n<p><span style=\"color: #990000;\"><strong>Ou\u00e7a o R\u00e1diofobia Podcast nos principais agregadores:<\/strong><\/span><br \/>\n&#8211; <strong><a href=\"https:\/\/leolop.es\/rfobia_spotify\" target=\"_blank\" rel=\"noopener noreferrer\">Spotify<\/a><\/strong><br \/>\n&#8211; <strong><a href=\"https:\/\/leolop.es\/rfobia_googlepod\" target=\"_blank\" rel=\"noopener noreferrer\">Google Podcasts<\/a><\/strong><br \/>\n&#8211; <strong><a href=\"https:\/\/http:\/\/leolop.es\/rfitunes\" target=\"_blank\" rel=\"noopener noreferrer\">Apple Podcasts<\/a><\/strong><br \/>\n&#8211; <strong><a href=\"http:\/\/leolop.es\/rfobia_amazon\" target=\"_blank\" rel=\"noopener\">Amazon Music<\/a><\/strong><br \/>\n&#8211; <strong><a href=\"https:\/\/pca.st\/V12f\" target=\"_blank\" rel=\"noopener noreferrer\">PocketCasts<\/a><\/strong><\/p>\n<p><span style=\"color: #990000;\"><strong>Publicidade:<\/strong><\/span><br \/>\n<a href=\"http:\/\/leolop.es\/rfcontato\" target=\"_blank\" rel=\"noopener noreferrer\"><strong>Entre em contato<\/strong><\/a> e saiba como <em>anunciar sua marca, produto ou servi\u00e7o em nossos podcasts<\/em>.<\/p>\n","protected":false},"excerpt":{"rendered":"<p>Acompanhe o papo entre nossos amigos que funcionam melhor quando todo mundo est\u00e1 dormindo: NA MADRUGA!<\/p>\n","protected":false},"author":2,"featured_media":3148,"comment_status":"open","ping_status":"closed","sticky":false,"template":"","format":"standard","meta":{"footnotes":""},"categories":[13,72],"tags":[9,135,339,340,341,11,342,113,14,15,250,217],"class_list":["post-3137","post","type-post","status-publish","format-standard","has-post-thumbnail","hentry","category-podcast","category-podosfera-podcast","tag-amigos","tag-ao-vivo","tag-balada","tag-hugo-soares","tag-hum","tag-leo-lopes","tag-madruga","tag-mau-faccio","tag-podcast","tag-radiofobia","tag-rod-reis","tag-vitor-rossi"],"_links":{"self":[{"href":"https:\/\/radiofobia.com.br\/podcast\/wp-json\/wp\/v2\/posts\/3137","targetHints":{"allow":["GET"]}}],"collection":[{"href":"https:\/\/radiofobia.com.br\/podcast\/wp-json\/wp\/v2\/posts"}],"about":[{"href":"https:\/\/radiofobia.com.br\/podcast\/wp-json\/wp\/v2\/types\/post"}],"author":[{"embeddable":true,"href":"https:\/\/radiofobia.com.br\/podcast\/wp-json\/wp\/v2\/users\/2"}],"replies":[{"embeddable":true,"href":"https:\/\/radiofobia.com.br\/podcast\/wp-json\/wp\/v2\/comments?post=3137"}],"version-history":[{"count":3,"href":"https:\/\/radiofobia.com.br\/podcast\/wp-json\/wp\/v2\/posts\/3137\/revisions"}],"predecessor-version":[{"id":25928,"href":"https:\/\/radiofobia.com.br\/podcast\/wp-json\/wp\/v2\/posts\/3137\/revisions\/25928"}],"wp:featuredmedia":[{"embeddable":true,"href":"https:\/\/radiofobia.com.br\/podcast\/wp-json\/wp\/v2\/media\/3148"}],"wp:attachment":[{"href":"https:\/\/radiofobia.com.br\/podcast\/wp-json\/wp\/v2\/media?parent=3137"}],"wp:term":[{"taxonomy":"category","embeddable":true,"href":"https:\/\/radiofobia.com.br\/podcast\/wp-json\/wp\/v2\/categories?post=3137"},{"taxonomy":"post_tag","embeddable":true,"href":"https:\/\/radiofobia.com.br\/podcast\/wp-json\/wp\/v2\/tags?post=3137"}],"curies":[{"name":"wp","href":"https:\/\/api.w.org\/{rel}","templated":true}]}}