{"id":4265,"date":"2012-01-25T00:01:16","date_gmt":"2012-01-25T02:01:16","guid":{"rendered":"http:\/\/radiofobia.com.br\/?p=4265"},"modified":"2022-03-14T11:26:29","modified_gmt":"2022-03-14T14:26:29","slug":"radiofobia-76-sao-paulo-que-terra-boa-ou-nao","status":"publish","type":"post","link":"https:\/\/radiofobia.com.br\/podcast\/2012\/01\/radiofobia-76-sao-paulo-que-terra-boa-ou-nao\/","title":{"rendered":"RADIOFOBIA 76 &#8211; S\u00e3o Paulo, que terra boa! Ou n\u00e3o&#8230;"},"content":{"rendered":"<p><iframe title=\"RADIOFOBIA 76 \u2013 S\u00e3o Paulo, que terra boa! Ou n\u00e3o\u2026\" src=\"https:\/\/omny.fm\/shows\/radiofobia-podcast\/radiofobia-76-s-o-paulo-que-terra-boa-ou-n-o\/embed\" width=\"100%\" height=\"180\" frameborder=\"0\"><\/iframe><\/p>\n<p><em>\u00c9 sempre lindo andar, na cidade de S\u00e3o Paulo&#8230; #TODOSCANTA<\/em><\/p>\n<p>No pograma de hoje, nosso gerente\u00a0<strong><a href=\"http:\/\/twitter.com\/leoradiofobia\" target=\"_blank\" rel=\"noopener\">Leo Lopes<\/a><\/strong> e seu fiel brother-san\u00a0<strong><a href=\"http:\/\/twitter.com\/drquessa\" target=\"_blank\" rel=\"noopener\">Quessa<\/a><\/strong> recebem os amigos <strong><a href=\"http:\/\/twitter.com\/flaviofsoares\" target=\"_blank\" rel=\"noopener\">Fl\u00e1vio Soares<\/a><\/strong> <em>(<a href=\"http:\/\/papodegordo.com.br\" target=\"_blank\" rel=\"noopener\">Papo de G\u00f3rdon<\/a>)<\/em>, <strong><a href=\"http:\/\/twitter.com\/marcelosalgado\" target=\"_blank\" rel=\"noopener\">Marcelo Salgado<\/a><\/strong> <em>(<a href=\"http:\/\/cumecamao.com.br\/\" target=\"_blank\" rel=\"noopener\">PodCum\u00ea<\/a>)<\/em> e <strong><a href=\"http:\/\/twitter.com\/excambau_joh\" target=\"_blank\" rel=\"noopener\">Joh Meira<\/a><\/strong> <em>(<a href=\"http:\/\/www.descontrolepodcast.com\/\" target=\"_blank\" rel=\"noopener\">Descontrole Podcast<\/a>)<\/em> para juntos fazerem um pograma com sotaque de &#8220;\u00d4rra, meu!&#8221;, em homenagem \u00e0 cidade que todos conseguem amar e odiar ao mesmo tempo: <strong>S\u00c3O PAULO<\/strong>!<\/p>\n<p>Ent\u00e3o pegue o seu copo de <strong>garapa<\/strong>, <strong>dois pastel e um churros<\/strong> e prepare-se para descobrir como <strong>convencer as filhas a irem ao museu<\/strong>, quem j\u00e1 quis <strong>conhecer todos os shoppings de S\u00e3o Paulo<\/strong>, como <strong>se perder feio na volta do cemit\u00e9rio<\/strong>, qual a melhor <strong>desculpa pra qualquer atraso<\/strong>, quem precisou <strong>pagar ped\u00e1gio com cheque de R$3<\/strong> e muitas outras desventuras desta <strong>megal\u00f3poLHES de 458 anos de idade<\/strong>!<\/p>\n<p><strong><span style=\"color: #990000;\">Sele\u00e7\u00e3o de mel\u00f3dias sobre a selva cidade de S\u00e3o Paulo:<\/span><\/strong><br \/>\n&#8211; <strong>Prem\u00ea<\/strong> &#8211; <em>S\u00e3o Paulo<\/em><br \/>\n&#8211; <strong>Adoniram Barbosa<\/strong> &#8211;\u00a0<em>O trem das onze<\/em><br \/>\n&#8211; <strong>Beto Lee<\/strong> &#8211;\u00a0<em>Man\u00edaco<\/em><br \/>\n&#8211; <strong>365<\/strong> &#8211; <em>S\u00e3o Paulo<\/em><br \/>\n&#8211; <strong>Rita Lee<\/strong> &#8211; <em>Santa Rita de Sampa<\/em><br \/>\n&#8211; <strong>Supla<\/strong> &#8211; <em>S\u00e3o Paulo<\/em><\/p>\n<p><strong><span style=\"color: #990000;\">Recadalhos, surubex e TICLIMs:<\/span><\/strong><br \/>\n&#8211;\u00a0<a href=\"http:\/\/radiofobia.com.br\/2011\/11\/oficina-de-teatro-ser-ou-nao-ser-criativo\/\" target=\"_blank\" rel=\"noopener\">Oficina de Teatro \u201cSer ou n\u00e3o ser\u2026 criativo?\u201d<\/a><br \/>\n&#8211;\u00a0<a href=\"http:\/\/www.campus-party.com.br\/2012\/midias-sociais.html#podcastformatoselinguagens\" target=\"_blank\" rel=\"noopener\">Oficina &#8220;Podcast, formatos e linguagens&#8221; na Campus Party Brasil 2012<\/a><br \/>\n&#8211; <a href=\"http:\/\/twitter.com\/zumbirosca\" target=\"_blank\" rel=\"noopener\">Twitter do Bruno Costa: @zumbirosca<\/a><\/p>\n<p><strong><span style=\"color: #990000;\">Links citados ao longo do pograma:<\/span><\/strong><br \/>\n&#8211; <a href=\"http:\/\/www.mpbnet.com.br\/musicos\/preme\/index.html\" target=\"_blank\" rel=\"noopener\">Premeditando o Breque<\/a><br \/>\n&#8211; <a href=\"http:\/\/www.descontrolepodcast.com\/2011\/07\/014desctrl-busaobumbacoletivos.html\" target=\"_blank\" rel=\"noopener\">Descontrole Podcast #14 &#8211; Bus\u00e3o, bumba, coletivos<\/a><\/p>\n<p><strong><span style=\"color: #990000;\">Links citados na se\u00e7\u00e3o de feedbacks dos ouvintes desocupados:<\/span><\/strong><br \/>\n&#8211; <a href=\"http:\/\/nfldeboteco.com.br\/\" target=\"_blank\" rel=\"noopener\">NFL de Boteco<\/a><\/p>\n<p><span style=\"color: #990000;\"><strong>Ou\u00e7a o R\u00e1diofobia Podcast nos principais agregadores:<\/strong><\/span><br \/>\n&#8211; <strong><a href=\"https:\/\/leolop.es\/rfobia_spotify\" target=\"_blank\" rel=\"noopener noreferrer\">Spotify<\/a><\/strong><br \/>\n&#8211; <strong><a href=\"https:\/\/leolop.es\/rfobia_googlepod\" target=\"_blank\" rel=\"noopener noreferrer\">Google Podcasts<\/a><\/strong><br \/>\n&#8211; <strong><a href=\"https:\/\/http:\/\/leolop.es\/rfitunes\" target=\"_blank\" rel=\"noopener noreferrer\">Apple Podcasts<\/a><\/strong><br \/>\n&#8211; <strong><a href=\"http:\/\/leolop.es\/rfobia_amazon\" target=\"_blank\" rel=\"noopener\">Amazon Music<\/a><\/strong><br \/>\n&#8211; <strong><a href=\"https:\/\/pca.st\/V12f\" target=\"_blank\" rel=\"noopener noreferrer\">PocketCasts<\/a><\/strong><\/p>\n<p><span style=\"color: #990000;\"><strong>Publicidade:<\/strong><\/span><br \/>\n<a href=\"http:\/\/leolop.es\/rfcontato\" target=\"_blank\" rel=\"noopener noreferrer\"><strong>Entre em contato<\/strong><\/a> e saiba como <em>anunciar sua marca, produto ou servi\u00e7o em nossos podcasts<\/em>.<\/p>\n","protected":false},"excerpt":{"rendered":"<p>Um pograma feito com o leg\u00edtimo sotaque de &#8220;\u00d4rra, meu!&#8221;, pra celebrar os 458 anos da maior cidade do Brasil!<\/p>\n","protected":false},"author":2,"featured_media":4338,"comment_status":"open","ping_status":"closed","sticky":false,"template":"","format":"standard","meta":{"footnotes":""},"categories":[13,72],"tags":[9,104,163,11,119,14,33,15,486],"class_list":["post-4265","post","type-post","status-publish","format-standard","has-post-thumbnail","hentry","category-podcast","category-podosfera-podcast","tag-amigos","tag-flavio-soares","tag-joh-meira","tag-leo-lopes","tag-marcelo-salgado","tag-podcast","tag-quessa","tag-radiofobia","tag-sao-paulo"],"_links":{"self":[{"href":"https:\/\/radiofobia.com.br\/podcast\/wp-json\/wp\/v2\/posts\/4265","targetHints":{"allow":["GET"]}}],"collection":[{"href":"https:\/\/radiofobia.com.br\/podcast\/wp-json\/wp\/v2\/posts"}],"about":[{"href":"https:\/\/radiofobia.com.br\/podcast\/wp-json\/wp\/v2\/types\/post"}],"author":[{"embeddable":true,"href":"https:\/\/radiofobia.com.br\/podcast\/wp-json\/wp\/v2\/users\/2"}],"replies":[{"embeddable":true,"href":"https:\/\/radiofobia.com.br\/podcast\/wp-json\/wp\/v2\/comments?post=4265"}],"version-history":[{"count":3,"href":"https:\/\/radiofobia.com.br\/podcast\/wp-json\/wp\/v2\/posts\/4265\/revisions"}],"predecessor-version":[{"id":25941,"href":"https:\/\/radiofobia.com.br\/podcast\/wp-json\/wp\/v2\/posts\/4265\/revisions\/25941"}],"wp:featuredmedia":[{"embeddable":true,"href":"https:\/\/radiofobia.com.br\/podcast\/wp-json\/wp\/v2\/media\/4338"}],"wp:attachment":[{"href":"https:\/\/radiofobia.com.br\/podcast\/wp-json\/wp\/v2\/media?parent=4265"}],"wp:term":[{"taxonomy":"category","embeddable":true,"href":"https:\/\/radiofobia.com.br\/podcast\/wp-json\/wp\/v2\/categories?post=4265"},{"taxonomy":"post_tag","embeddable":true,"href":"https:\/\/radiofobia.com.br\/podcast\/wp-json\/wp\/v2\/tags?post=4265"}],"curies":[{"name":"wp","href":"https:\/\/api.w.org\/{rel}","templated":true}]}}