{"id":53,"date":"2009-08-01T00:00:00","date_gmt":"2009-08-01T03:00:00","guid":{"rendered":"http:\/\/radiofobia.com.br\/novosite\/?p=52"},"modified":"2022-03-08T21:34:48","modified_gmt":"2022-03-09T00:34:48","slug":"radiofobia-11-especial-silvio-santos-parte-2","status":"publish","type":"post","link":"https:\/\/radiofobia.com.br\/podcast\/2009\/08\/radiofobia-11-especial-silvio-santos-parte-2\/","title":{"rendered":"RADIOFOBIA 11 &#8211; ESPECIAL Silvio Santos (Parte 2)"},"content":{"rendered":"<p><iframe title=\"RADIOFOBIA 11 \u2013 ESPECIAL Silvio Santos (Parte 2)\" src=\"https:\/\/omny.fm\/shows\/radiofobia-podcast\/radiofobia-11-especial-silvio-santos-parte-2\/embed\" width=\"100%\" height=\"180\" frameborder=\"0\"><\/iframe><br \/>\n<span style=\"font-style: italic;\">&#8220;Bem meus amigos de casa, minhas colegas de <\/span><span style=\"font-style: italic;\">trabalho, senhoras e senhores, <\/span><span style=\"font-style: italic;\">mo\u00e7as e rapazes, <\/span><span style=\"font-style: italic;\">meninas e meninos&#8230;&#8221;.<\/span><\/p>\n<p>Est\u00e1 no ar o <span style=\"font-style: italic;\">podcast<\/span> <span style=\"font-weight: bold;\">#11<\/span> do <span style=\"font-weight: bold;\">RADIOFOBIA<\/span>, trazendo a segunda e \u00faltima parte deste pograma <span style=\"font-weight: bold;\">ESPECIAL<\/span> sobre <span style=\"font-weight: bold;\">Silvio Santos<\/span>, o homem-sorriso, o &#8220;Seu Silvio&#8221;, o maior animador da TV brasileira!<\/p>\n<p><span style=\"font-weight: bold;\">Leo Lopes<\/span>, <span style=\"font-weight: bold;\">Quessa<\/span> e <span style=\"font-weight: bold;\">Laurito<\/span> encerram a saga do patr\u00e3o falando sobre os melhores imitadores de <span style=\"font-weight: bold;\">Silvio Santos<\/span> de todos os tempos, com os \u00e1udios de cada <span style=\"font-style: italic;\">performance<\/span>, e as atividades mais do que alternativas do homem do Ba\u00fa!<\/p>\n<p><strong><span style=\"color: #990000;\">Entre outras coisas voc\u00ea vai saber:<\/span><\/strong><br \/>\n&#8211; que imitar o Silvio pode salvar ou arruinar sua vida<br \/>\n&#8211; que sequestrador que come pedra N\u00c3O sabe o c* que tem&#8230;<br \/>\n&#8211; que o p\u00f3prio Silvio s\u00f3 n\u00e3o participou da grava\u00e7\u00e3o porque tava <span style=\"font-style: italic;\">offsline<\/span> no MSN<\/p>\n<p><strong><span style=\"color: #990000;\">Porrilh\u00f5es de links citados <span style=\"font-style: italic;\">(ou pensados)<\/span> no programa :<\/span><\/strong><br \/>\n&#8211; <a href=\"http:\/\/www.paginadosilviosantos.com\/\" target=\"blank\">P\u00e1gina do Silvio Santos &#8211; o melhor site sobre o patr\u00e3o!<\/a><br \/>\n&#8211; <a href=\"http:\/\/obaudosilvio.blogspot.com\/\" target=\"blank\">O Ba\u00fa do Silvio Santos &#8211; pra quem quer saber de tudo!<\/a><br \/>\n&#8211; <a href=\"http:\/\/www.sitedolombardi.com\/\" target=\"blank\">Site Oficial do Lombardi<\/a><br \/>\n&#8211; <a href=\"http:\/\/www.youtube.com\/watch?v=N2hnO2vtRBo\" target=\"blank\"><span style=\"font-style: italic;\">A semana do presidente<\/span><\/a> no SBT<br \/>\n&#8211; <a href=\"http:\/\/www.youtube.com\/watch?v=fqOWswdgR8g\" target=\"blank\">V\u00eddeo de campanha de Silvio Santos para presidente<\/a><\/p>\n<p>&#8211; <a href=\"http:\/\/www.youtube.com\/watch?v=3-CvHKVtBr4&amp;hl=pt-BR\" target=\"blank\">Serginho Leite imitando Cauby e Tim\u00f3teo &#8220;meio-a-meio&#8221;<\/a><br \/>\n&#8211; <a href=\"http:\/\/www.youtube.com\/watch?v=ydkFfrgRsGM\" target=\"blank\">Pardini incorporando Silvio Santos &#8211; <span style=\"font-style: italic;\">repara na cara<\/span><\/a><br \/>\n&#8211; <a href=\"http:\/\/www.youtube.com\/watch?v=f9PsW2Z6AuY&amp;feature=channel_page\" target=\"blank\">Ceara imitando o Silvio na TV pela primeira vez<\/a><br \/>\n&#8211; <a href=\"http:\/\/www.youtube.com\/watch?v=GL4uDfy5qns&amp;feature=PlayList&amp;p=BE0DB674652145A5&amp;playnext=1&amp;playnext_from=PL&amp;index=25\" target=\"blank\">O encontro dos Silvios no &#8220;Qual \u00e9 a M\u00fasica&#8221;<\/a><br \/>\n&#8211; Beto Hora: <a href=\"http:\/\/betohora.terra.com.br\/\" target=\"blank\">site<\/a> e entrevista no J\u00f4 (<a href=\"http:\/\/www.youtube.com\/watch?v=-zkr75CpqHw\" target=\"blank\">parte 1<\/a> e <a href=\"http:\/\/www.youtube.com\/watch?v=8XRpJdpmYRE&amp;feature=related\" target=\"blank\">parte 2<\/a>)<br \/>\n&#8211; <a href=\"http:\/\/www.rogeriomorgado.com\/\" target=\"blank\">Site do Rogerio Morgado<\/a><br \/>\n&#8211; <a href=\"http:\/\/www.youtube.com\/watch?v=JzqBvqCfFMI\" target=\"blank\">Sorteio da TERESENA com Shirubio e Rombado<\/a><a href=\"http:\/\/www.youtube.com\/watch?v=JzqBvqCfFMI\" target=\"blank\"> (Japa) e Sabrina<\/a><br \/>\n&#8211; <a href=\"http:\/\/video.globo.com\/Videos\/Player\/Entretenimento\/0,,GIM1088778-7822-ATOR+E+APRESENTADOR+MARCELO+ADNET+FALA+DE+SUA+CARREIRA,00.html\" target=\"blank\">Entrevista do Marcelo Adnet no programa do J\u00f4<\/a><br \/>\n&#8211; <a href=\"http:\/\/www.youtube.com\/watch?v=vY-5TH7K1BU\" target=\"blank\">Os Fulanos: Ded\u00e9 e Pul<\/a><br \/>\n&#8211; Eduardo Sterblitch: <a href=\"http:\/\/www.deznecessarios.com.br\/\" target=\"blank\">Deznecess\u00e1rios<\/a> e esquete do Silvio Santos An\u00f4nimos (<a href=\"http:\/\/www.youtube.com\/watch?v=4ToQLPGNf6g\" target=\"blank\">parte 1<\/a> e <a href=\"http:\/\/www.youtube.com\/watch?v=DyO6BaRDApM&amp;feature=related\" target=\"blank\">parte 2<\/a>)<\/p>\n<p><span style=\"color: #990000;\"><strong>Ou\u00e7a o R\u00e1diofobia Podcast nos principais agregadores:<\/strong><\/span><br \/>\n&#8211; <strong><a href=\"https:\/\/leolop.es\/rfobia_spotify\" target=\"_blank\" rel=\"noopener noreferrer\">Spotify<\/a><\/strong><br \/>\n&#8211; <strong><a href=\"https:\/\/leolop.es\/rfobia_googlepod\" target=\"_blank\" rel=\"noopener noreferrer\">Google Podcasts<\/a><\/strong><br \/>\n&#8211; <strong><a href=\"https:\/\/http:\/\/leolop.es\/rfitunes\" target=\"_blank\" rel=\"noopener noreferrer\">Apple Podcasts<\/a><\/strong><br \/>\n&#8211; <strong><a href=\"http:\/\/leolop.es\/rfobia_amazon\" target=\"_blank\" rel=\"noopener\">Amazon Music<\/a><\/strong><br \/>\n&#8211; <strong><a href=\"https:\/\/pca.st\/V12f\" target=\"_blank\" rel=\"noopener noreferrer\">PocketCasts<\/a><\/strong><\/p>\n<p><span style=\"color: #990000;\"><strong>Publicidade:<\/strong><\/span><br \/>\n<a href=\"http:\/\/leolop.es\/rfcontato\" target=\"_blank\" rel=\"noopener noreferrer\"><strong>Entre em contato<\/strong><\/a> e saiba como <em>anunciar sua marca, produto ou servi\u00e7o em nossos podcasts<\/em>.<\/p>\n","protected":false},"excerpt":{"rendered":"<p>Na parte 2 do Especial sobre o Patr\u00e3o, os melhores imitadores e as hist\u00f3rias alternativas do Mestre da comunica\u00e7\u00e3o brasileira!<\/p>\n","protected":false},"author":2,"featured_media":491,"comment_status":"open","ping_status":"closed","sticky":false,"template":"","format":"standard","meta":{"footnotes":""},"categories":[13,35],"tags":[2,28,11,53,33,15,62],"class_list":["post-53","post","type-post","status-publish","format-standard","has-post-thumbnail","hentry","category-podcast","category-radiofobia","tag-humor","tag-laurito","tag-leo-lopes","tag-marcos-lauro","tag-quessa","tag-radiofobia","tag-silvio-santos"],"_links":{"self":[{"href":"https:\/\/radiofobia.com.br\/podcast\/wp-json\/wp\/v2\/posts\/53","targetHints":{"allow":["GET"]}}],"collection":[{"href":"https:\/\/radiofobia.com.br\/podcast\/wp-json\/wp\/v2\/posts"}],"about":[{"href":"https:\/\/radiofobia.com.br\/podcast\/wp-json\/wp\/v2\/types\/post"}],"author":[{"embeddable":true,"href":"https:\/\/radiofobia.com.br\/podcast\/wp-json\/wp\/v2\/users\/2"}],"replies":[{"embeddable":true,"href":"https:\/\/radiofobia.com.br\/podcast\/wp-json\/wp\/v2\/comments?post=53"}],"version-history":[{"count":4,"href":"https:\/\/radiofobia.com.br\/podcast\/wp-json\/wp\/v2\/posts\/53\/revisions"}],"predecessor-version":[{"id":25844,"href":"https:\/\/radiofobia.com.br\/podcast\/wp-json\/wp\/v2\/posts\/53\/revisions\/25844"}],"wp:featuredmedia":[{"embeddable":true,"href":"https:\/\/radiofobia.com.br\/podcast\/wp-json\/wp\/v2\/media\/491"}],"wp:attachment":[{"href":"https:\/\/radiofobia.com.br\/podcast\/wp-json\/wp\/v2\/media?parent=53"}],"wp:term":[{"taxonomy":"category","embeddable":true,"href":"https:\/\/radiofobia.com.br\/podcast\/wp-json\/wp\/v2\/categories?post=53"},{"taxonomy":"post_tag","embeddable":true,"href":"https:\/\/radiofobia.com.br\/podcast\/wp-json\/wp\/v2\/tags?post=53"}],"curies":[{"name":"wp","href":"https:\/\/api.w.org\/{rel}","templated":true}]}}