{"id":5761,"date":"2012-07-31T10:00:47","date_gmt":"2012-07-31T13:00:47","guid":{"rendered":"http:\/\/radiofobia.com.br\/?p=5761"},"modified":"2012-07-31T10:00:47","modified_gmt":"2012-07-31T13:00:47","slug":"o-melhor-humor-do-radio-prk-30-i","status":"publish","type":"post","link":"https:\/\/radiofobia.com.br\/podcast\/2012\/07\/o-melhor-humor-do-radio-prk-30-i\/","title":{"rendered":"O Melhor Humor do R\u00e1dio #1 &#8211; PRK-30 I &#8211; NO AR! \/ Introdu\u00e7\u00e3o \/ Corrida"},"content":{"rendered":"<p><strong><a href=\"http:\/\/feeds.feedburner.com\/radiofobia_humor\" target=\"_blank\"><img decoding=\"async\" class=\"alignnone size-full wp-image-5807\" title=\"feed_icon_14x14\" src=\"http:\/\/radiofobia.com.br\/site\/wp-content\/uploads\/2012\/07\/feed_icon_14x14.png\" alt=\"\" width=\"14\" height=\"14\" \/>\u00a0Assine aqui o feed de &#8220;O Melhor Humor do R\u00e1dio&#8221;<\/a><\/strong><br \/>\n<strong><a href=\"http:\/\/itunes.apple.com\/br\/podcast\/radiofobia-o-melhor-humor\/id549733873\" target=\"_blank\"><img decoding=\"async\" class=\"alignnone size-full wp-image-5808\" title=\"itunes_feed_icon_14x14\" src=\"http:\/\/radiofobia.com.br\/site\/wp-content\/uploads\/2012\/07\/itunes_feed_icon_14x14.png\" alt=\"\" width=\"14\" height=\"14\" \/>\u00a0Assine aqui &#8220;O Melhor Humor do R\u00e1dio&#8221; no iTunes<\/a><\/strong><\/p>\n<p><center><img fetchpriority=\"high\" decoding=\"async\" class=\"aligncenter size-full wp-image-5762\" title=\"o_melhor_humor_do_radio\" src=\"http:\/\/radiofobia.com.br\/site\/wp-content\/uploads\/2012\/07\/o_melhor_humor_do_radio.jpg\" alt=\"\" width=\"485\" height=\"275\" \/><\/center>&nbsp;<\/p>\n<p>O momento t\u00e3o esperado finalmente chegou! Hoje estreamos no <strong>R\u00c1DIOFOBIA<\/strong> nossa nova atra\u00e7\u00e3o semanal: <strong>&#8220;O Melhor Humor do R\u00e1dio&#8221;<\/strong>, com \u00e1udios que nosso gerente <a href=\"http:\/\/twitter.com\/leoradiofobia\" target=\"_blank\">Leo Lopes<\/a> vem juntando em seu acervo h\u00e1 mais de 10 anos!<\/p>\n<p>A partir de hoje, <strong>toda ter\u00e7a-feira voc\u00ea vai ouvir quadros de humor<\/strong> que fizeram hist\u00f3ria no r\u00e1dio, de <strong>alguns dos grupos mais engra\u00e7ados de todos os tempos<\/strong>: <em>PRK-30<\/em>,\u00a0<em>Djalma Jorge<\/em>, <em>Paulo Jalaska<\/em>, <em>P\u00e2nico<\/em>, <em>Carlos Caramujo<\/em>, <em>Os Sobrinhos do Ata\u00edde<\/em>, <em>Homem-Cueca<\/em>, <em>O Rei Tardado<\/em>, <em>Boi na Linha<\/em>, <em>Caf\u00e9 com Bobagem<\/em> entre outros, al\u00e9m de gafes e outras p\u00e9rolas do r\u00e1dio!<\/p>\n<div id=\"attachment_5797\" style=\"width: 210px\" class=\"wp-caption alignright\"><a href=\"http:\/\/www.casadapalavra.com.br\/livros\/262\/No+ar_+PRK_30_\" target=\"_blank\"><img loading=\"lazy\" decoding=\"async\" aria-describedby=\"caption-attachment-5797\" class=\"size-full wp-image-5797 \" title=\"no_ar_prk-30\" src=\"http:\/\/radiofobia.com.br\/site\/wp-content\/uploads\/2012\/07\/no_ar_prk-30.jpg\" alt=\"NO AR: PRK-30! (Paulo Perdig\u00e3o - Casa da Palavra)\" width=\"200\" height=\"292\" \/><\/a><p id=\"caption-attachment-5797\" class=\"wp-caption-text\">NO AR: PRK-30! (Paulo Perdig\u00e3o - Casa da Palavra)<\/p><\/div>\n<p>E para estrear em grande estilo, escolhemos <strong>o mais famoso programa de humor da era do r\u00e1dio<\/strong>: <strong>PRK-30<\/strong>!<\/p>\n<p>Durante duas d\u00e9cadas (de 1944 a 1964), <strong>Lauro Borges<\/strong> e <strong>Castro Barbosa<\/strong> formaram <strong>a mais famosa e bem-sucedida dupla de humoristas da era do r\u00e1dio no Brasil<\/strong>, \u00e0 frente do pograma que serviu de refer\u00eancia para grandes humoristas de nossa \u00e9poca, como Chico Anysio e J\u00f4 Soares!<\/p>\n<p>\u00c9 hora de aumentar o som e deixar-se inebriar pela locu\u00e7\u00e3o \u00edmpar de <strong>Megat\u00e9rio Nababo d&#8217;Alicerce<\/strong> (Castro Barbosa) e inebriar-se com a voz <em>lantijolada<\/em> de <strong>Otelo Trigueiro<\/strong> (Lauro Borges), uma voz t\u00e3o medicinal que neutraliza o excesso de acidez do est\u00f4mago!<\/p>\n<p><strong>NO AR, PRK-30!<\/strong><\/p>\n<p>[powerpress]<\/p>\n<p>&nbsp;<\/p>\n","protected":false},"excerpt":{"rendered":"<p>Na estreia de nossa nova atra\u00e7\u00e3o semanal, voc\u00ea vai ouvir os g\u00eanios Lauro Borges e Castro Barbosa, no mais famoso programa de humor da era do r\u00e1dio: PRK-30!<\/p>\n","protected":false},"author":2,"featured_media":5762,"comment_status":"open","ping_status":"closed","sticky":false,"template":"","format":"standard","meta":{"footnotes":""},"categories":[61,262],"tags":[261,2,937,938,90],"class_list":["post-5761","post","type-post","status-publish","format-standard","has-post-thumbnail","hentry","category-humor","category-melhor-humor-do-radio","tag-arquivo","tag-humor","tag-o-melhor-humor-do-radio","tag-prk-30","tag-radio"],"_links":{"self":[{"href":"https:\/\/radiofobia.com.br\/podcast\/wp-json\/wp\/v2\/posts\/5761","targetHints":{"allow":["GET"]}}],"collection":[{"href":"https:\/\/radiofobia.com.br\/podcast\/wp-json\/wp\/v2\/posts"}],"about":[{"href":"https:\/\/radiofobia.com.br\/podcast\/wp-json\/wp\/v2\/types\/post"}],"author":[{"embeddable":true,"href":"https:\/\/radiofobia.com.br\/podcast\/wp-json\/wp\/v2\/users\/2"}],"replies":[{"embeddable":true,"href":"https:\/\/radiofobia.com.br\/podcast\/wp-json\/wp\/v2\/comments?post=5761"}],"version-history":[{"count":0,"href":"https:\/\/radiofobia.com.br\/podcast\/wp-json\/wp\/v2\/posts\/5761\/revisions"}],"wp:featuredmedia":[{"embeddable":true,"href":"https:\/\/radiofobia.com.br\/podcast\/wp-json\/wp\/v2\/media\/5762"}],"wp:attachment":[{"href":"https:\/\/radiofobia.com.br\/podcast\/wp-json\/wp\/v2\/media?parent=5761"}],"wp:term":[{"taxonomy":"category","embeddable":true,"href":"https:\/\/radiofobia.com.br\/podcast\/wp-json\/wp\/v2\/categories?post=5761"},{"taxonomy":"post_tag","embeddable":true,"href":"https:\/\/radiofobia.com.br\/podcast\/wp-json\/wp\/v2\/tags?post=5761"}],"curies":[{"name":"wp","href":"https:\/\/api.w.org\/{rel}","templated":true}]}}