{"id":6176,"date":"2012-10-03T00:01:22","date_gmt":"2012-10-03T03:01:22","guid":{"rendered":"http:\/\/radiofobia.com.br\/?p=6176"},"modified":"2023-08-10T11:43:26","modified_gmt":"2023-08-10T14:43:26","slug":"radiofobia-97-quem-manda-continua-sendo-a-molecada","status":"publish","type":"post","link":"https:\/\/radiofobia.com.br\/podcast\/2012\/10\/radiofobia-97-quem-manda-continua-sendo-a-molecada\/","title":{"rendered":"RADIOFOBIA 97 &#8211; Quem manda continua sendo a molecada!"},"content":{"rendered":"<p><iframe title=\"RADIOFOBIA 97 - Quem manda continua sendo a molecada!\" src=\"https:\/\/omny.fm\/shows\/radiofobia-podcast\/radiofobia-97-quem-manda-continua-sendo-a-molecada\/embed\" width=\"100%\" height=\"180\" frameborder=\"0\"><\/iframe><\/p>\n<p><strong><em>&#8220;D\u00e1 pra fazer muita coisa com caixa de papel\u00e3o, pois \u00e9 um equipamento resistente!&#8221; (Luquinha)<\/em><\/strong><\/p>\n<p><strong><em>&#8220;Eu gosto das li\u00e7\u00f5es de matem\u00e1tica, s\u00e3o as melhores!&#8221; (Leone)<\/em><\/strong><\/p>\n<p><strong>Outubro chegou!<\/strong> \u00c9 hora de nosso gerente <em>(agora em tempo integral)<\/em> <strong><a href=\"http:\/\/twitter.com\/leoradiofobia\" target=\"_blank\" rel=\"noopener\">Leo Lopes<\/a>\u00a0<\/strong>dispensar a <strong><a href=\"http:\/\/twitter.com\/alotenica\" target=\"_blank\" rel=\"noopener\">T\u00c9NICA<\/a>,\u00a0<\/strong>dar folga pra equipe e chamar seus pequeninos <strong>Luquinha<\/strong> <em>(10 anos)<\/em> e <strong>Leone<\/strong> <em>(7 anos)<\/em> para juntos colocarem os assuntos em dia em mais um <strong>RADIOFOBIA Especial de Dia das Crian\u00e7as<\/strong>!<\/p>\n<p>Hoje voc\u00ea vai ouvir <strong>previs\u00f5es catastr\u00f3ficas para o final do ano<\/strong>, m\u00e9todos nada sutis de <strong>extors\u00e3o paterna<\/strong>, <strong>declara\u00e7\u00f5es de amor<\/strong> for\u00e7adas, an\u00e1lises dos <strong>melhores jogos e filmes do mundo<\/strong>, \u00a0<strong>imita\u00e7\u00f5es<\/strong> de qualidade duvidosa, dicas de <strong>reaproveitamento de caixas de papel\u00e3o<\/strong> e uma total <strong>falta de habilidade em usar o microfone!!<\/strong><\/p>\n<p><strong><span style=\"color: #990000;\">Mel\u00f3dias selecionadas pelo\u00a0<\/span><span style=\"color: #990000;\">Leone e pelo Luquinha<\/span><span style=\"color: #990000;\">:<\/span><\/strong><br \/>\n&#8211; <strong>TM Revolution<\/strong> &#8211; <em>Heart of \u00a0Sword<\/em><br \/>\n&#8211; <strong>Despicable Me<\/strong> <em>(Trilha Sonora de &#8220;Meu Malvado Favorito&#8221;)<\/em><br \/>\n&#8211; <strong>The Avengers<\/strong>\u00a0<em>(Trilha Sonora de &#8220;Os Vingadores&#8221;)<\/em><br \/>\n&#8211; <strong>Michael Jackson<\/strong> &#8211; <em>Bad<\/em><br \/>\n&#8211; <strong>Kool &amp; The Gang<\/strong> &#8211; <em>Get down on it<\/em><\/p>\n<p><strong><span style=\"color: #990000;\">Recadalhos, surubex e TICLIMs:<\/span><\/strong><br \/>\n&#8211; <a href=\"https:\/\/www.facebook.com\/radiofobiapm\" target=\"_blank\" rel=\"noopener\">Curta <strong>Radiofobia Podcast e Multim\u00eddia<\/strong> no Facebook<\/a><br \/>\n&#8211; <a href=\"http:\/\/www.premioabrildepersonagens.com.br\/votar.php\" target=\"_blank\" rel=\"noopener\">Vote em <strong>&#8220;Meninos e Drag\u00f5es&#8221;<\/strong> no Pr\u00eamio Abril de Personagens 2012<\/a><\/p>\n<p><strong style=\"color: #990000;\">E-mails:<\/strong><br \/>\n<em>F\u00f3debeques<\/em> dos pogramas ou simples <em>abrax <\/em>e <em>recadalhos<\/em> podem ser enviados para <a title=\"[GMCP] Compose a new mail to podcast@radiofobia.com.br\" href=\"mailto:podcast@radiofobia.com.br\" target=\"blank\" rel=\"noreferrer\">podcast@radiofobia.com.br<\/a>!<\/p>\n<p><span style=\"color: #990000;\"><strong>Contato:<\/strong><\/span><br \/>\nAtrav\u00e9s do nosso <a href=\"http:\/\/radiofobia.com.br\/contato\/\" target=\"_blank\" rel=\"noopener\">formul\u00e1rio de contato<\/a>, \u00e9 poss\u00edvel mandar uma mensagem pra gente se voc\u00ea:<\/p>\n<p><em>&#8211; canta, imita, desenha, compunheta ou imita a Gretchen, e acha que tem saco pra ser nosso colaborador;<\/em><br \/>\n<em> &#8211; quer que a sua mel\u00f3dia seja tocada no pograma;<\/em><br \/>\n<em> &#8211; t\u00e1 a fim de mandar alguma dica ou sugest\u00e3 pra melhorar o seu podcast preferido;<\/em><br \/>\n<em> &#8211; \u00e9 chato pra baralho e quer fazer uma reclama\u00e7\u00e3o;<\/em><br \/>\n<em> &#8211; tem um produto ou servi\u00e7o e quer a sua marca aliada a um pograma da mais alta gabard\u00e2ncia;<\/em><br \/>\n<em> &#8211; \u00e9 simplesmente um desocupado e quer mandar uma mensagem s\u00f3 pra encher lingui\u00e7a.<\/em><\/p>\n","protected":false},"excerpt":{"rendered":"<p>M\u00eas de outubro \u00e9 festa no RADIOFOBIA! \u00c9 hora da molecada dominar o est\u00fadio mais uma vez e mostrar que s\u00e3o eles, afinal de contas, que realmente mandam nesta baga\u00e7a!<\/p>\n","protected":false},"author":2,"featured_media":6179,"comment_status":"open","ping_status":"closed","sticky":false,"template":"","format":"standard","meta":{"footnotes":""},"categories":[13,35],"tags":[148,101,149,85,14,15],"class_list":["post-6176","post","type-post","status-publish","format-standard","has-post-thumbnail","hentry","category-podcast","category-radiofobia","tag-dia-das-criancas","tag-especial","tag-leone","tag-luquinha","tag-podcast","tag-radiofobia"],"_links":{"self":[{"href":"https:\/\/radiofobia.com.br\/podcast\/wp-json\/wp\/v2\/posts\/6176","targetHints":{"allow":["GET"]}}],"collection":[{"href":"https:\/\/radiofobia.com.br\/podcast\/wp-json\/wp\/v2\/posts"}],"about":[{"href":"https:\/\/radiofobia.com.br\/podcast\/wp-json\/wp\/v2\/types\/post"}],"author":[{"embeddable":true,"href":"https:\/\/radiofobia.com.br\/podcast\/wp-json\/wp\/v2\/users\/2"}],"replies":[{"embeddable":true,"href":"https:\/\/radiofobia.com.br\/podcast\/wp-json\/wp\/v2\/comments?post=6176"}],"version-history":[{"count":2,"href":"https:\/\/radiofobia.com.br\/podcast\/wp-json\/wp\/v2\/posts\/6176\/revisions"}],"predecessor-version":[{"id":28218,"href":"https:\/\/radiofobia.com.br\/podcast\/wp-json\/wp\/v2\/posts\/6176\/revisions\/28218"}],"wp:featuredmedia":[{"embeddable":true,"href":"https:\/\/radiofobia.com.br\/podcast\/wp-json\/wp\/v2\/media\/6179"}],"wp:attachment":[{"href":"https:\/\/radiofobia.com.br\/podcast\/wp-json\/wp\/v2\/media?parent=6176"}],"wp:term":[{"taxonomy":"category","embeddable":true,"href":"https:\/\/radiofobia.com.br\/podcast\/wp-json\/wp\/v2\/categories?post=6176"},{"taxonomy":"post_tag","embeddable":true,"href":"https:\/\/radiofobia.com.br\/podcast\/wp-json\/wp\/v2\/tags?post=6176"}],"curies":[{"name":"wp","href":"https:\/\/api.w.org\/{rel}","templated":true}]}}