{"id":6228,"date":"2012-10-17T00:01:28","date_gmt":"2012-10-17T03:01:28","guid":{"rendered":"http:\/\/radiofobia.com.br\/?p=6228"},"modified":"2022-03-14T15:43:54","modified_gmt":"2022-03-14T18:43:54","slug":"radiofobia-98-filosofando-no-boteco-radialistas","status":"publish","type":"post","link":"https:\/\/radiofobia.com.br\/podcast\/2012\/10\/radiofobia-98-filosofando-no-boteco-radialistas\/","title":{"rendered":"RADIOFOBIA 98 &#8211; Filosofando no boteco: Radialistas"},"content":{"rendered":"<p><iframe title=\"RADIOFOBIA 98 \u2013 Filosofando no boteco: Radialistas\" src=\"https:\/\/omny.fm\/shows\/radiofobia-podcast\/radiofobia-98-filosofando-no-boteco-radialistas\/embed\" width=\"100%\" height=\"180\" frameborder=\"0\"><\/iframe><\/p>\n<p>No pograma de hoje, nossos radialistas\u00a0<strong><a href=\"http:\/\/twitter.com\/leoradiofobia\" target=\"_blank\" rel=\"noopener\">Leo Lopes<\/a>\u00a0<\/strong>e <strong><a href=\"http:\/\/twitter.com\/danielamonteiro\" target=\"_blank\" rel=\"noopener\">Daniela Monteiro<\/a> <\/strong>aproveitam a folga no feriad\u00e3o pra <strong>tomar umas e outras em um boteco na Avenida Paulista<\/strong> junto com o <em>jornalista<\/em> e <em>engra\u00e7aralho<\/em> <strong><a href=\"http:\/\/twitter.com\/zorzanelli\" target=\"_blank\" rel=\"noopener\">Marcelo Zorzanelli<\/a><\/strong>, e aproveitam para gravar um <strong>RADIOFOBIA<\/strong>\u00a0direto da mesa do bar, <strong>filosofando sobre r\u00e1dio, internet, podcast<\/strong> e outras mix\u00f3rdias!<\/p>\n<p>Abra a\u00ed sua cervejinha ou seu refrigerante e aproveite para conhecer tamb\u00e9m o <strong>Vuvuzela<\/strong> e o <strong><a href=\"http:\/\/bandnewsfm.band.com.br\/Colunista.aspx?COD=216\" target=\"_blank\" rel=\"noopener\">Saca-Rolha<\/a><\/strong>, dois programetes de humor que est\u00e3o no ar diariamente nas r\u00e1dios <strong><a href=\"http:\/\/bradescoesportesfm.band.com.br\/\" target=\"_blank\" rel=\"noopener\">Bradesco Esportes FM<\/a><\/strong> e <strong><a href=\"http:\/\/bandnewsfm.band.com.br\/\" target=\"_blank\" rel=\"noopener\">BandNews FM<\/a>\u00a0<\/strong>e\u00a0que tem <strong>os tr\u00eas participantes do podcast de hoje no elenco<\/strong>!<\/p>\n<p>Participe voc\u00ea tamb\u00e9m desse papo <strong>enviando seu coment\u00e1rio e compartilhando suas ideias e opini\u00f5es com os outros ouvintes desocupados, e n\u00e3o se esque\u00e7a de compartilhar e curtir das redes sociais<\/strong>, ok?<\/p>\n<p><strong><span style=\"color: #990000;\">Mel\u00f3dias selecionadas no pograma de hoje<\/span><span style=\"color: #990000;\">:<\/span><\/strong><br \/>\n&#8211; <strong>Roberto Carlos<\/strong>\u00a0&#8211; <em>Meu Pequeno Cachoeiro<\/em><br \/>\n&#8211; <strong>Journey<\/strong>\u00a0&#8211; <em>Don&#8217;t Stop Believing<\/em><br \/>\n&#8211; <strong>Sir Mix a Lot<\/strong> &#8211; <em>Baby Got Back<\/em><br \/>\n&#8211; <strong>Ultraje a Rigor<\/strong>\u00a0&#8211; <em>Eu Gosto \u00e9 de Mulher<\/em><\/p>\n<p><strong><span style=\"color: #990000;\">Links citados ao longo do programa:<\/span><\/strong><br \/>\n&#8211; <a href=\"http:\/\/www.sensacionalista.com.br\/\" target=\"_blank\" rel=\"noopener\">Sensacionalista: um jornal isento de verdade<\/a><br \/>\n&#8211; <a href=\"https:\/\/twitter.com\/jornalsacarolha\" target=\"_blank\" rel=\"noopener\">Siga o <strong>@jornalsacarolha<\/strong> no TuV\u00edtter<\/a><br \/>\n&#8211; <a href=\"https:\/\/twitter.com\/zorzanelli\" target=\"_blank\" rel=\"noopener\">Siga o <strong>@zorzanelli<\/strong> no TuV\u00edtter<\/a><br \/>\n&#8211; <a href=\"http:\/\/bradescoesportesfm.band.com.br\" target=\"_blank\" rel=\"noopener\">Ou\u00e7a o <strong>VUVUZELA<\/strong> na programa\u00e7\u00e3o da r\u00e1dio <strong>Bradesco Esportes FM<\/strong><\/a><br \/>\n&#8211; <a href=\"http:\/\/bandnewsfm.band.com.br\/\" target=\"_blank\" rel=\"noopener\">Ou\u00e7a o <strong>SACA ROLHA<\/strong> na programa\u00e7\u00e3o da r\u00e1dio <strong>Band News FM<\/strong><\/a><br \/>\n&#8211; <a href=\"http:\/\/bandnewsfm.band.com.br\/Colunista.aspx?COD=216\" target=\"_blank\" rel=\"noopener\">Assine o <strong>feed do SACA ROLHA<\/strong> e ou\u00e7a diariamente onde quiser!<\/a><\/p>\n<p><strong style=\"color: #990000;\">E-mails:<\/strong><br \/>\n<em>F\u00f3debeques<\/em> dos pogramas ou simples <em>abrax <\/em>e <em>recadalhos<\/em> podem ser enviados para <a title=\"[GMCP] Compose a new mail to podcast@radiofobia.com.br\" href=\"mailto:podcast@radiofobia.com.br\" target=\"blank\" rel=\"noreferrer\">podcast@radiofobia.com.br<\/a>!<\/p>\n<p><span style=\"color: #990000;\"><strong>Ou\u00e7a o R\u00e1diofobia Podcast nos principais agregadores:<\/strong><\/span><br \/>\n&#8211; <strong><a href=\"https:\/\/leolop.es\/rfobia_spotify\" target=\"_blank\" rel=\"noopener noreferrer\">Spotify<\/a><\/strong><br \/>\n&#8211; <strong><a href=\"https:\/\/leolop.es\/rfobia_googlepod\" target=\"_blank\" rel=\"noopener noreferrer\">Google Podcasts<\/a><\/strong><br \/>\n&#8211; <strong><a href=\"https:\/\/http:\/\/leolop.es\/rfitunes\" target=\"_blank\" rel=\"noopener noreferrer\">Apple Podcasts<\/a><\/strong><br \/>\n&#8211; <strong><a href=\"http:\/\/leolop.es\/rfobia_amazon\" target=\"_blank\" rel=\"noopener\">Amazon Music<\/a><\/strong><br \/>\n&#8211; <strong><a href=\"https:\/\/pca.st\/V12f\" target=\"_blank\" rel=\"noopener noreferrer\">PocketCasts<\/a><\/strong><\/p>\n<p><span style=\"color: #990000;\"><strong>Publicidade:<\/strong><\/span><br \/>\n<a href=\"http:\/\/leolop.es\/rfcontato\" target=\"_blank\" rel=\"noopener noreferrer\"><strong>Entre em contato<\/strong><\/a> e saiba como <em>anunciar sua marca, produto ou servi\u00e7o em nossos podcasts<\/em>.<\/p>\n","protected":false},"excerpt":{"rendered":"<p>Leo Lopes, Daniela Monteiro e Marcelo Zorzanelli aproveitaram o feriad\u00e3o pra tomar uma gelada na Av. Paulista e filosofar sobre internet, r\u00e1dio, podcast e muito mais! <\/p>\n","protected":false},"author":2,"featured_media":6234,"comment_status":"open","ping_status":"closed","sticky":false,"template":"","format":"standard","meta":{"footnotes":""},"categories":[13,32],"tags":[135,794,795,796,131,11,687,14,90,15],"class_list":["post-6228","post","type-post","status-publish","format-standard","has-post-thumbnail","hentry","category-podcast","category-profissionais-do-radio","tag-ao-vivo","tag-av-paulista","tag-boteco","tag-cerveja","tag-daniela-monteiro","tag-leo-lopes","tag-marcelo-zorzanelli","tag-podcast","tag-radio","tag-radiofobia"],"_links":{"self":[{"href":"https:\/\/radiofobia.com.br\/podcast\/wp-json\/wp\/v2\/posts\/6228","targetHints":{"allow":["GET"]}}],"collection":[{"href":"https:\/\/radiofobia.com.br\/podcast\/wp-json\/wp\/v2\/posts"}],"about":[{"href":"https:\/\/radiofobia.com.br\/podcast\/wp-json\/wp\/v2\/types\/post"}],"author":[{"embeddable":true,"href":"https:\/\/radiofobia.com.br\/podcast\/wp-json\/wp\/v2\/users\/2"}],"replies":[{"embeddable":true,"href":"https:\/\/radiofobia.com.br\/podcast\/wp-json\/wp\/v2\/comments?post=6228"}],"version-history":[{"count":3,"href":"https:\/\/radiofobia.com.br\/podcast\/wp-json\/wp\/v2\/posts\/6228\/revisions"}],"predecessor-version":[{"id":25983,"href":"https:\/\/radiofobia.com.br\/podcast\/wp-json\/wp\/v2\/posts\/6228\/revisions\/25983"}],"wp:featuredmedia":[{"embeddable":true,"href":"https:\/\/radiofobia.com.br\/podcast\/wp-json\/wp\/v2\/media\/6234"}],"wp:attachment":[{"href":"https:\/\/radiofobia.com.br\/podcast\/wp-json\/wp\/v2\/media?parent=6228"}],"wp:term":[{"taxonomy":"category","embeddable":true,"href":"https:\/\/radiofobia.com.br\/podcast\/wp-json\/wp\/v2\/categories?post=6228"},{"taxonomy":"post_tag","embeddable":true,"href":"https:\/\/radiofobia.com.br\/podcast\/wp-json\/wp\/v2\/tags?post=6228"}],"curies":[{"name":"wp","href":"https:\/\/api.w.org\/{rel}","templated":true}]}}