{"id":6409,"date":"2012-11-28T00:01:27","date_gmt":"2012-11-28T02:01:27","guid":{"rendered":"http:\/\/radiofobia.com.br\/?p=6409"},"modified":"2022-03-14T16:03:40","modified_gmt":"2022-03-14T19:03:40","slug":"radiofobia-almir-marques-entrevista-03-cecilia-lemes","status":"publish","type":"post","link":"https:\/\/radiofobia.com.br\/podcast\/2012\/11\/radiofobia-almir-marques-entrevista-03-cecilia-lemes\/","title":{"rendered":"RADIOFOBIA &#8211; Almir Marques Entrevista #03 &#8211; Cec\u00edlia Lemes"},"content":{"rendered":"<p><iframe title=\"RADIOFOBIA \u2013 Almir Marques Entrevista #03 \u2013 Cec\u00edlia Lemes\" src=\"https:\/\/omny.fm\/shows\/radiofobia-podcast\/radiofobia-almir-marques-entrevista-03-cec-lia-lem\/embed\" width=\"100%\" height=\"180\" frameborder=\"0\"><\/iframe><\/p>\n<p>E chegou a hora de publicar o nosso podcast especial &#8220;<strong><a href=\"https:\/\/twitter.com\/almirmarx\" target=\"_blank\" rel=\"noopener\">Almir Marques<\/a>\u00a0Entrevista&#8221; <\/strong>do m\u00eas de novembro!<\/p>\n<p>Nesse acervo, reproduzimos as entrevistas feitas com profissionais da dublagem pelo nosso amigo <strong>Almir Marques,<\/strong>\u00a0 transmitidas ao vivo na programa\u00e7\u00e3o da <strong><a href=\"http:\/\/www.radiofm93.com.br\/#!\/home\" target=\"_blank\" rel=\"noopener\">93 FM de Rio do Sul, Santa Catarina<\/a><\/strong>\u00a0ao longo de mais de dez anos de trabalho!<\/p>\n<p>A entrevistada de hoje \u00e9 com a querida dubladora paulista <strong><a href=\"https:\/\/www.facebook.com\/cecilia.lemes\" target=\"_blank\" rel=\"noopener\">Cec\u00edlia Lemes<\/a><\/strong>, uma das profissionais mais requisitadas do meio e que eternizou sua voz como a <strong><a href=\"http:\/\/migre.me\/c6i7J\" target=\"_blank\" rel=\"noopener\">Chiquinha<\/a><\/strong>, do seriado <strong>&#8220;Chaves&#8221;, <\/strong>al\u00e9m de muitos personagens de animes e tokusatsus! Cec\u00edlia \u00e9 muito querida pelos f\u00e3s, e est\u00e1 sempre presente em eventos por todo o Brasil!<\/p>\n<p>Aumente o volume e curta mais essa entrevista exclusiva em nosso acervo <strong>&#8220;Almir Marques Entrevista&#8221;<\/strong>!<\/p>\n<p><strong style=\"color: #990000;\">E-mails:<\/strong><br \/>\n<em>F\u00f3debeques<\/em> dos pogramas ou simples <em>abrax <\/em>e <em>recadalhos<\/em> podem ser enviados para <a title=\"[GMCP] Compose a new mail to podcast@radiofobia.com.br\" href=\"mailto:podcast@radiofobia.com.br\" target=\"blank\" rel=\"noreferrer\">podcast@radiofobia.com.br<\/a>!<\/p>\n<p><span style=\"color: #990000;\"><strong>Ou\u00e7a o R\u00e1diofobia Podcast nos principais agregadores:<\/strong><\/span><br \/>\n&#8211; <strong><a href=\"https:\/\/leolop.es\/rfobia_spotify\" target=\"_blank\" rel=\"noopener noreferrer\">Spotify<\/a><\/strong><br \/>\n&#8211; <strong><a href=\"https:\/\/leolop.es\/rfobia_googlepod\" target=\"_blank\" rel=\"noopener noreferrer\">Google Podcasts<\/a><\/strong><br \/>\n&#8211; <strong><a href=\"https:\/\/http:\/\/leolop.es\/rfitunes\" target=\"_blank\" rel=\"noopener noreferrer\">Apple Podcasts<\/a><\/strong><br \/>\n&#8211; <strong><a href=\"http:\/\/leolop.es\/rfobia_amazon\" target=\"_blank\" rel=\"noopener\">Amazon Music<\/a><\/strong><br \/>\n&#8211; <strong><a href=\"https:\/\/pca.st\/V12f\" target=\"_blank\" rel=\"noopener noreferrer\">PocketCasts<\/a><\/strong><\/p>\n<p><span style=\"color: #990000;\"><strong>Publicidade:<\/strong><\/span><br \/>\n<a href=\"http:\/\/leolop.es\/rfcontato\" target=\"_blank\" rel=\"noopener noreferrer\"><strong>Entre em contato<\/strong><\/a> e saiba como <em>anunciar sua marca, produto ou servi\u00e7o em nossos podcasts<\/em>.<\/p>\n","protected":false},"excerpt":{"rendered":"<p>Em nosso arquivo de hoje, Almir Marques entrevista a atriz de dublagem que eternizou sua voz como a Chiquinha, do seriado Chaves: aumente o som para conhecer Cec\u00edlia Lemes!<\/p>\n","protected":false},"author":2,"featured_media":6411,"comment_status":"open","ping_status":"closed","sticky":false,"template":"","format":"standard","meta":{"footnotes":""},"categories":[911,86,13],"tags":[792,789,798,81,177,14,15],"class_list":["post-6409","post","type-post","status-publish","format-standard","has-post-thumbnail","hentry","category-almir-marques","category-o-coracao-da-voz","category-podcast","tag-acervo","tag-almir-marques","tag-cecilia-lemes","tag-dublagem","tag-entrevista","tag-podcast","tag-radiofobia"],"_links":{"self":[{"href":"https:\/\/radiofobia.com.br\/podcast\/wp-json\/wp\/v2\/posts\/6409","targetHints":{"allow":["GET"]}}],"collection":[{"href":"https:\/\/radiofobia.com.br\/podcast\/wp-json\/wp\/v2\/posts"}],"about":[{"href":"https:\/\/radiofobia.com.br\/podcast\/wp-json\/wp\/v2\/types\/post"}],"author":[{"embeddable":true,"href":"https:\/\/radiofobia.com.br\/podcast\/wp-json\/wp\/v2\/users\/2"}],"replies":[{"embeddable":true,"href":"https:\/\/radiofobia.com.br\/podcast\/wp-json\/wp\/v2\/comments?post=6409"}],"version-history":[{"count":3,"href":"https:\/\/radiofobia.com.br\/podcast\/wp-json\/wp\/v2\/posts\/6409\/revisions"}],"predecessor-version":[{"id":26001,"href":"https:\/\/radiofobia.com.br\/podcast\/wp-json\/wp\/v2\/posts\/6409\/revisions\/26001"}],"wp:featuredmedia":[{"embeddable":true,"href":"https:\/\/radiofobia.com.br\/podcast\/wp-json\/wp\/v2\/media\/6411"}],"wp:attachment":[{"href":"https:\/\/radiofobia.com.br\/podcast\/wp-json\/wp\/v2\/media?parent=6409"}],"wp:term":[{"taxonomy":"category","embeddable":true,"href":"https:\/\/radiofobia.com.br\/podcast\/wp-json\/wp\/v2\/categories?post=6409"},{"taxonomy":"post_tag","embeddable":true,"href":"https:\/\/radiofobia.com.br\/podcast\/wp-json\/wp\/v2\/tags?post=6409"}],"curies":[{"name":"wp","href":"https:\/\/api.w.org\/{rel}","templated":true}]}}