{"id":6519,"date":"2013-01-09T00:01:00","date_gmt":"2013-01-09T02:01:00","guid":{"rendered":"http:\/\/radiofobia.com.br\/?p=6519"},"modified":"2022-03-14T15:53:24","modified_gmt":"2022-03-14T18:53:24","slug":"radiofobia-103-2013-ano-novo-vida-nova-lhes","status":"publish","type":"post","link":"https:\/\/radiofobia.com.br\/podcast\/2013\/01\/radiofobia-103-2013-ano-novo-vida-nova-lhes\/","title":{"rendered":"RADIOFOBIA 103 &#8211; 2013: Ano Novo, vida nova-Lhes!"},"content":{"rendered":"<p><iframe title=\"RADIOFOBIA 103 \u2013 2013: Ano Novo, vida nova-Lhes!\" src=\"https:\/\/omny.fm\/shows\/radiofobia-podcast\/radiofobia-103-2013-ano-novo-vida-nova-lhes\/embed\" width=\"100%\" height=\"180\" frameborder=\"0\"><\/iframe><\/p>\n<p><strong><em>E depois de muita labuta, finalmente chegamos ao PRIMEIRO RADIOFOBIA DE 2013!!<\/em><\/strong><\/p>\n<p>E pra come\u00e7ar o ano no melhor estilo, nosso gerente \u00a0<strong><a href=\"http:\/\/twitter.com\/leoradiofobia\" target=\"_blank\" rel=\"noopener\">Leo Lopes<\/a><\/strong>, j\u00e1 devidamente acomodado na nova sede da <strong><a href=\"https:\/\/www.facebook.com\/radiofobiapm\" target=\"_blank\" rel=\"noopener\">RADIOFOBIA Podcast e Multim\u00eddia<\/a><\/strong> em <strong><a href=\"http:\/\/pt.wikipedia.org\/wiki\/Serra_Negra_(S%C3%A3o_Paulo)\" target=\"_blank\" rel=\"noopener\">U.S. of Pardinho<\/a><\/strong>,\u00a0convidou os amigos <strong><a href=\"http:\/\/twitter.com\/eduardo_sales\" target=\"_blank\" rel=\"noopener\">Dudu Sales<\/a><\/strong> <em>(<a href=\"http:\/\/www.papodegordo.com.br\/\" target=\"_blank\" rel=\"noopener\">Papo de G\u00f3rdon<\/a>)<\/em>, <strong><a href=\"http:\/\/twitter.com\/BorisDepre\" target=\"_blank\" rel=\"noopener\">B\u00f3ris Depr\u00ea<\/a><\/strong> <em>(<a href=\"http:\/\/aspiranteprofissional.com.br\/\" target=\"_blank\" rel=\"noopener\">Aspirante Profissional<\/a>)<\/em>, <strong><a href=\"http:\/\/twitter.com\/FatFr0g\" target=\"_blank\" rel=\"noopener\">F\u00e1bio &#8220;Fat Frog&#8221; Ay\u00e7ar<\/a><\/strong> <em>(<a href=\"http:\/\/www.podecash.com.br\/\" target=\"_blank\" rel=\"noopener\">P\u00f3 de Cash<\/a>)<\/em> e <strong><a href=\"http:\/\/twitter.com\/lucianopires\" target=\"_blank\" rel=\"noopener\">Luciano Pires<\/a><\/strong> <em>(<a href=\"http:\/\/www.lucianopires.com.br\/\" target=\"_blank\" rel=\"noopener\">Caf\u00e9 Brasil<\/a>)<\/em>\u00a0para conversarem sobre os medos, desafios e expectativas que envolvem <strong>as mudan\u00e7as que acontecem na nossa vida<\/strong>!<\/p>\n<p>Por que nunca estamos preparados para as mudan\u00e7as da vida? Qual postura devemos assumir quando queremos que alguma mudan\u00e7a aconte\u00e7a? Como enfrentar os desafios que <a href=\"http:\/\/papodegordo.mtv.uol.com.br\/2012\/05\/16\/podcast-papo-de-gordo-89-mudancas\/\" target=\"_blank\" rel=\"noopener\">a vida, essa vadia<\/a>, coloca na nossa frente sem que tenhamos tempo de nos preparar? Quando \u00e9 que as mudan\u00e7as n\u00e3o s\u00e3o necess\u00e1rias? Como aproveitar a chegada do Ano Novo pra promover novas mudan\u00e7as?<\/p>\n<p>Convidamos voc\u00ea a embarcar conosco nesse papo no melhor estilo <em>filosofia de botequis<\/em>\u00a0e <strong>desejamos, sinceramente, que 2013 seja pra voc\u00ea um ano repleto de boas mudan\u00e7as e realiza\u00e7\u00f5es!<\/strong><\/p>\n<p><strong><span style=\"color: #990000;\">Mel\u00f3dias para um ano cheio de mudan\u00e7as:<\/span><span style=\"color: #990000;\">:<\/span><\/strong><br \/>\n&#8211; <strong>Chico Science &amp; Na\u00e7\u00e3o Zumbi<\/strong> &#8211; <em>Todos est\u00e3o surdos<\/em><br \/>\n&#8211; <strong>Green Day<\/strong> &#8211; <em>Time of your life<\/em><br \/>\n&#8211;\u00a0<strong>Zeca Pagodinho<\/strong> &#8211; <em>Vacil\u00e3o<\/em><br \/>\n&#8211;<strong>\u00a0Sean Kingston<\/strong> &#8211; <em>Beautiful Girl<\/em><\/p>\n<p><strong><span style=\"color: #990000;\">Recadalhos, surubex e TICLIMs:<\/span><\/strong><br \/>\n&#8211; <strong><a href=\"http:\/\/www.beved.com.br\/classrooms\/workshop-de-producao-de-podcast-com-leo-lopes-em-sao-paulo-sao-paulo\" target=\"_blank\" rel=\"noopener\">Workshop de Produ\u00e7\u00e3o de Podcasts com Leo Lopes <\/a><\/strong><a href=\"http:\/\/www.beved.com.br\/classrooms\/workshop-de-producao-de-podcast-com-leo-lopes-em-sao-paulo-sao-paulo\" target=\"_blank\" rel=\"noopener\"><em>(dia 23\/03, das 13h \u00e0s 18h em S\u00e3o Paulo)<\/em><\/a><br \/>\n&#8211; <a href=\"https:\/\/twitter.com\/radiofobia\" target=\"_blank\" rel=\"noopener\">Siga <strong>@radiofobia<\/strong> no tuV\u00edtter<\/a><br \/>\n&#8211; <a href=\"https:\/\/www.facebook.com\/radiofobiapodcast\" target=\"_blank\" rel=\"noopener\">Curta a p\u00e1gina do <strong>RADIOFOBIA<\/strong> no Facebook<\/a><br \/>\n&#8211; <a href=\"https:\/\/www.facebook.com\/radiofobiapm\" target=\"_blank\" rel=\"noopener\">Curta a p\u00e1gina da <strong>RADIOFOBIA Podcast e Multim\u00eddia<\/strong> no Facebook<\/a><\/p>\n<p><strong><span style=\"color: #990000;\">Links citados ao longo do programa:<\/span><\/strong><br \/>\n&#8211; <a href=\"http:\/\/papodegordo.mtv.uol.com.br\/2012\/05\/16\/podcast-papo-de-gordo-89-mudancas\/\" target=\"_blank\" rel=\"noopener\">Papo de Gordo 89 &#8211; Mudan\u00e7as<\/a><br \/>\n&#8211; <a href=\"http:\/\/www.youtube.com\/user\/nickellis\" target=\"_blank\" rel=\"noopener\">366 M\u00fasicas, do Nick Ellis<\/a><br \/>\n&#8211; <a href=\"http:\/\/www.youtube.com\/watch?v=8i1TzHSJKok\" target=\"_blank\" rel=\"noopener\">&#8220;Esse gordo sou eu&#8221;, par\u00f3dia do ex-gordo Lucio Luiz<\/a><\/p>\n<p><strong style=\"color: #990000;\">E-mails:<\/strong><br \/>\n<em>F\u00f3debeques<\/em> dos pogramas ou simples <em>abrax <\/em>e <em>recadalhos<\/em> podem ser enviados para <a title=\"[GMCP] Compose a new mail to podcast@radiofobia.com.br\" href=\"mailto:podcast@radiofobia.com.br\" target=\"blank\" rel=\"noreferrer\">podcast@radiofobia.com.br<\/a>!<\/p>\n<p><span style=\"color: #990000;\"><strong>Ou\u00e7a o R\u00e1diofobia Podcast nos principais agregadores:<\/strong><\/span><br \/>\n&#8211; <strong><a href=\"https:\/\/leolop.es\/rfobia_spotify\" target=\"_blank\" rel=\"noopener noreferrer\">Spotify<\/a><\/strong><br \/>\n&#8211; <strong><a href=\"https:\/\/leolop.es\/rfobia_googlepod\" target=\"_blank\" rel=\"noopener noreferrer\">Google Podcasts<\/a><\/strong><br \/>\n&#8211; <strong><a href=\"https:\/\/http:\/\/leolop.es\/rfitunes\" target=\"_blank\" rel=\"noopener noreferrer\">Apple Podcasts<\/a><\/strong><br \/>\n&#8211; <strong><a href=\"http:\/\/leolop.es\/rfobia_amazon\" target=\"_blank\" rel=\"noopener\">Amazon Music<\/a><\/strong><br \/>\n&#8211; <strong><a href=\"https:\/\/pca.st\/V12f\" target=\"_blank\" rel=\"noopener noreferrer\">PocketCasts<\/a><\/strong><\/p>\n<p><span style=\"color: #990000;\"><strong>Publicidade:<\/strong><\/span><br \/>\n<a href=\"http:\/\/leolop.es\/rfcontato\" target=\"_blank\" rel=\"noopener noreferrer\"><strong>Entre em contato<\/strong><\/a> e saiba como <em>anunciar sua marca, produto ou servi\u00e7o em nossos podcasts<\/em>.<\/p>\n","protected":false},"excerpt":{"rendered":"<p>No primeiro RADIOFOBIA de 2013, convidamos nossos amigos para conversar sobre os medos, desafios e expectativas que envolvem as mudan\u00e7as na nossa vida!<\/p>\n","protected":false},"author":2,"featured_media":6522,"comment_status":"open","ping_status":"closed","sticky":false,"template":"","format":"standard","meta":{"footnotes":""},"categories":[13,72],"tags":[9,803,135,290,106,324,11,165,804,14,185,15],"class_list":["post-6519","post","type-post","status-publish","format-standard","has-post-thumbnail","hentry","category-podcast","category-podosfera-podcast","tag-amigos","tag-ano-novo","tag-ao-vivo","tag-boris-depre","tag-dudu-sales","tag-fat-frog","tag-leo-lopes","tag-luciano-pires","tag-mudancas","tag-podcast","tag-podosfera","tag-radiofobia"],"_links":{"self":[{"href":"https:\/\/radiofobia.com.br\/podcast\/wp-json\/wp\/v2\/posts\/6519","targetHints":{"allow":["GET"]}}],"collection":[{"href":"https:\/\/radiofobia.com.br\/podcast\/wp-json\/wp\/v2\/posts"}],"about":[{"href":"https:\/\/radiofobia.com.br\/podcast\/wp-json\/wp\/v2\/types\/post"}],"author":[{"embeddable":true,"href":"https:\/\/radiofobia.com.br\/podcast\/wp-json\/wp\/v2\/users\/2"}],"replies":[{"embeddable":true,"href":"https:\/\/radiofobia.com.br\/podcast\/wp-json\/wp\/v2\/comments?post=6519"}],"version-history":[{"count":3,"href":"https:\/\/radiofobia.com.br\/podcast\/wp-json\/wp\/v2\/posts\/6519\/revisions"}],"predecessor-version":[{"id":25993,"href":"https:\/\/radiofobia.com.br\/podcast\/wp-json\/wp\/v2\/posts\/6519\/revisions\/25993"}],"wp:featuredmedia":[{"embeddable":true,"href":"https:\/\/radiofobia.com.br\/podcast\/wp-json\/wp\/v2\/media\/6522"}],"wp:attachment":[{"href":"https:\/\/radiofobia.com.br\/podcast\/wp-json\/wp\/v2\/media?parent=6519"}],"wp:term":[{"taxonomy":"category","embeddable":true,"href":"https:\/\/radiofobia.com.br\/podcast\/wp-json\/wp\/v2\/categories?post=6519"},{"taxonomy":"post_tag","embeddable":true,"href":"https:\/\/radiofobia.com.br\/podcast\/wp-json\/wp\/v2\/tags?post=6519"}],"curies":[{"name":"wp","href":"https:\/\/api.w.org\/{rel}","templated":true}]}}