{"id":6832,"date":"2013-04-03T00:01:06","date_gmt":"2013-04-03T03:01:06","guid":{"rendered":"http:\/\/radiofobia.com.br\/?p=6832"},"modified":"2023-08-10T12:02:25","modified_gmt":"2023-08-10T15:02:25","slug":"radiofobia-109-e-tudo-uma-grande-mentira","status":"publish","type":"post","link":"https:\/\/radiofobia.com.br\/podcast\/2013\/04\/radiofobia-109-e-tudo-uma-grande-mentira\/","title":{"rendered":"RADIOFOBIA 109 &#8211; \u00c9 tudo uma grande mentira!"},"content":{"rendered":"<p><iframe title=\"RADIOFOBIA 109 - \u00c9 tudo uma grande mentira!\" src=\"https:\/\/omny.fm\/shows\/radiofobia-podcast\/radiofobia-109-tudo-uma-grande-mentira\/embed\" width=\"100%\" height=\"180\" frameborder=\"0\"><\/iframe><\/p>\n<p><em><strong>Sauda\u00e7\u00f5es, ouvinte mentiroso AND desocupado-Lheeeees!<\/strong><\/em><\/p>\n<p>Aproveitando que a grava\u00e7\u00e3o deste pograma caiu no dia <strong>01 de abril<\/strong>, nosso gerente <em>t\u00edmido e de<\/em> <em>poucas palavras<\/em>\u00a0<strong><a href=\"http:\/\/twitter.com\/leoradiofobia\" target=\"_blank\" rel=\"noopener\">Leo Lopes<\/a>\u00a0<\/strong>juntou a <em>pura e recatada<\/em>\u00a0<strong><a href=\"http:\/\/twitter.com\/danielamonteiro\" target=\"_blank\" rel=\"noopener\">Daniela Monteiro<\/a><\/strong>, o <em>pol\u00edtico honesto e magrelo<\/em>\u00a0<strong><a href=\"http:\/\/twitter.com\/vivacqua\" target=\"_blank\" rel=\"noopener\">Carlos\u00a0Vivacqua<\/a><\/strong> e o <em>s\u00e9rio e nada engra\u00e7ado<\/em> <strong><a href=\"http:\/\/twitter.com\/johnveejones\" target=\"_blank\" rel=\"noopener\">Vitor Rossi<\/a><\/strong> para discorrerem tudo o que pensam a respeito das <strong>MENTIRAS<\/strong>!<\/p>\n<p><em>Quando aprendemos a mentir? Quem \u00e9 que nos ensina? Mentira de crian\u00e7a \u00e9 mesmo inocente? Omitir \u00e9 o mesmo que mentir? Quando come\u00e7amos a mentir pra levar vantagem? E quando a mentira come\u00e7a a se tornar perigosa?\u00a0<\/em><\/p>\n<p>Ent\u00e3o pegue uma bebidinha, relaxe e aumente o volume pra ouvir nossas lorotas, come\u00e7ando pelas <em>mentirinhas inocentes que contamos pra comer um doce<\/em> at\u00e9 chegar nas <em>mentironas que contamos pra passar o bab\u00e3o na mulherada-Lhes<\/em>!<\/p>\n<p><strong><span style=\"color: #990000;\">Mel\u00f3dias mentirosas do pograma de hoje:<\/span><\/strong><br \/>\n&#8211;\u00a0<strong>Erasmo Carlos<\/strong> &#8211; <em>Pega na Mentira<\/em><br \/>\n&#8211;\u00a0<strong>Velhas Virgens<\/strong> &#8211; <em>S\u00f3 Pra Te Comer<\/em><br \/>\n&#8211;\u00a0<strong>Neuzinha Brizola<\/strong> &#8211; <em>Mintchura<\/em><br \/>\n&#8211;\u00a0<strong>Teodoro e Sampaio<\/strong> &#8211; <em>\u00c9 Mentira Dela<\/em><\/p>\n<p><strong><span style=\"color: #990000;\">Recadalhos, surubex e TICLIMs:<\/span><\/strong><br \/>\n&#8211; <a href=\"http:\/\/www.beved.com.br\/users\/512#tabs-3\" target=\"_blank\" rel=\"noopener\">Avalia\u00e7\u00f5es do <strong>Workshop de Produ\u00e7\u00e3o de Podcasts<\/strong> em S\u00e3o Paulo<\/a><br \/>\n&#8211; <a href=\"https:\/\/www.facebook.com\/media\/set\/?set=a.10151277619394895.466970.708059894&amp;type=3\" target=\"_blank\" rel=\"noopener\">Fotos do <strong>Workshop de Produ\u00e7\u00e3o de Podcasts<\/strong> em S\u00e3o Paulo<\/a><br \/>\n&#8211; <a href=\"http:\/\/radiofobia.com.br\/2013\/02\/workshop-de-producao-de-podcasts-no-rio-de-janeiro\/\" target=\"_blank\" rel=\"noopener\"><strong>Workshop de Produ\u00e7\u00e3o de Podcasts com Leo Lopes<\/strong> <em>(dia 18\/05, das 13h \u00e0s 18h no <strong>Rio de Janeiro<\/strong>)<\/em><\/a><br \/>\n&#8211;\u00a0<a href=\"https:\/\/twitter.com\/radiofobia\" target=\"_blank\" rel=\"noopener\">Siga\u00a0<strong>@radiofobia<\/strong>\u00a0no tuV\u00edtter<\/a><br \/>\n&#8211;\u00a0<a href=\"https:\/\/www.facebook.com\/radiofobiapodcast\" target=\"_blank\" rel=\"noopener\">Curta a p\u00e1gina do\u00a0<strong>RADIOFOBIA<\/strong>\u00a0no Facebook<\/a><br \/>\n&#8211;\u00a0<a href=\"https:\/\/www.facebook.com\/radiofobiapm\" target=\"_blank\" rel=\"noopener\">Curta a p\u00e1gina da\u00a0<strong>RADIOFOBIA Podcast e Multim\u00eddia<\/strong>\u00a0no Facebook<\/a><\/p>\n<p><strong><span style=\"color: #990000;\">Links citados no pogramas-Lhes:<\/span><\/strong><br \/>\n&#8211; <a href=\"http:\/\/twitter.com\/NerdPai\" target=\"_blank\" rel=\"noopener\">Siga o <strong>@nerdpai<\/strong> no tuV\u00edtter<\/a><br \/>\n&#8211; <a href=\"http:\/\/tecnoblog.net\/128085\/tivico-rede-4g\/\" target=\"_blank\" rel=\"noopener\">Post de 1 de abril no Tecnoblog: &#8220;Claro, Oi, TIM e Vivo anunciam rede 4G \u00fanica&#8221;<\/a><\/p>\n<p><span style=\"color: #990000;\"><strong>iTunes:<\/strong><\/span><br \/>\nSe voc\u00ea tem o<strong> iTunes<\/strong> instalado no seu computador e quer assinar o nosso <em>feed<\/em>, <a href=\"itpc:\/\/feeds.feedburner.com\/radiofobia_itunes\" target=\"_blank\" rel=\"noopener\">clique aqui<\/a>!<\/p>\n<p><span style=\"color: #990000;\"><strong>E-mails:<\/strong><\/span><br \/>\n<em>F\u00f3debeques<\/em> dos pogramas ou simples <em>abrax <\/em>e <em>recadalhos<\/em> podem ser enviados para <a title=\"[GMCP] Compose a new mail to podcast@radiofobia.com.br\" href=\"mailto:podcast@radiofobia.com.br\" target=\"blank\" rel=\"noreferrer\">podcast@radiofobia.com.br<\/a>!<\/p>\n<p><span style=\"color: #990000;\"><strong>Contato:<\/strong><\/span><br \/>\nAtrav\u00e9s do nosso <a href=\"http:\/\/radiofobia.com.br\/contato\/\" target=\"_blank\" rel=\"noopener\">formul\u00e1rio de contato<\/a>, \u00e9 poss\u00edvel mandar uma mensagem pra gente se voc\u00ea:<\/p>\n<p><em>&#8211; canta, imita, desenha, compunheta ou imita a Gretchen, e acha que tem saco pra ser nosso colaborador;<\/em><br \/>\n<em> &#8211; quer que a sua mel\u00f3dia seja tocada no pograma;<\/em><br \/>\n<em> &#8211; t\u00e1 a fim de mandar alguma dica ou sugest\u00e3 pra melhorar o seu podcast preferido;<\/em><br \/>\n<em> &#8211; \u00e9 chato pra baralho e quer fazer uma reclama\u00e7\u00e3o;<\/em><br \/>\n<em> &#8211; tem um produto ou servi\u00e7o e quer a sua marca aliada a um pograma da mais alta gabard\u00e2ncia;<\/em><br \/>\n<em> &#8211; \u00e9 simplesmente um desocupado e quer mandar uma mensagem s\u00f3 pra encher lingui\u00e7a.<\/em><\/p>\n","protected":false},"excerpt":{"rendered":"<p>Leo Lopes, Daniela Monteiro, Carlos Vivacqua e JohnVeeJones juntos pra contar um monte de lorotas e falar tudo sobre suas MENTIRAS!<\/p>\n","protected":false},"author":2,"featured_media":6833,"comment_status":"open","ping_status":"closed","sticky":false,"template":"","format":"standard","meta":{"footnotes":""},"categories":[13,35],"tags":[135,131,2,11,813,14,15,217,196],"class_list":["post-6832","post","type-post","status-publish","format-standard","has-post-thumbnail","hentry","category-podcast","category-radiofobia","tag-ao-vivo","tag-daniela-monteiro","tag-humor","tag-leo-lopes","tag-mentira","tag-podcast","tag-radiofobia","tag-vitor-rossi","tag-vivacqua"],"_links":{"self":[{"href":"https:\/\/radiofobia.com.br\/podcast\/wp-json\/wp\/v2\/posts\/6832","targetHints":{"allow":["GET"]}}],"collection":[{"href":"https:\/\/radiofobia.com.br\/podcast\/wp-json\/wp\/v2\/posts"}],"about":[{"href":"https:\/\/radiofobia.com.br\/podcast\/wp-json\/wp\/v2\/types\/post"}],"author":[{"embeddable":true,"href":"https:\/\/radiofobia.com.br\/podcast\/wp-json\/wp\/v2\/users\/2"}],"replies":[{"embeddable":true,"href":"https:\/\/radiofobia.com.br\/podcast\/wp-json\/wp\/v2\/comments?post=6832"}],"version-history":[{"count":3,"href":"https:\/\/radiofobia.com.br\/podcast\/wp-json\/wp\/v2\/posts\/6832\/revisions"}],"predecessor-version":[{"id":28225,"href":"https:\/\/radiofobia.com.br\/podcast\/wp-json\/wp\/v2\/posts\/6832\/revisions\/28225"}],"wp:featuredmedia":[{"embeddable":true,"href":"https:\/\/radiofobia.com.br\/podcast\/wp-json\/wp\/v2\/media\/6833"}],"wp:attachment":[{"href":"https:\/\/radiofobia.com.br\/podcast\/wp-json\/wp\/v2\/media?parent=6832"}],"wp:term":[{"taxonomy":"category","embeddable":true,"href":"https:\/\/radiofobia.com.br\/podcast\/wp-json\/wp\/v2\/categories?post=6832"},{"taxonomy":"post_tag","embeddable":true,"href":"https:\/\/radiofobia.com.br\/podcast\/wp-json\/wp\/v2\/tags?post=6832"}],"curies":[{"name":"wp","href":"https:\/\/api.w.org\/{rel}","templated":true}]}}