{"id":6971,"date":"2013-05-01T00:01:47","date_gmt":"2013-05-01T03:01:47","guid":{"rendered":"http:\/\/radiofobia.com.br\/?p=6971"},"modified":"2022-03-14T16:32:46","modified_gmt":"2022-03-14T19:32:46","slug":"radiofobia-111-6o-encontro-com-locutores","status":"publish","type":"post","link":"https:\/\/radiofobia.com.br\/podcast\/2013\/05\/radiofobia-111-6o-encontro-com-locutores\/","title":{"rendered":"RADIOFOBIA 111 &#8211; 6\u00ba Encontro com Locutores"},"content":{"rendered":"<p><iframe title=\"RADIOFOBIA 111 \u2013 6\u00ba Encontro com Locutores\" src=\"https:\/\/omny.fm\/shows\/radiofobia-podcast\/radiofobia-111-6-encontro-com-locutores\/embed\" width=\"100%\" height=\"180\" frameborder=\"0\"><\/iframe><\/p>\n<p><em><strong>Sauda\u00e7\u00f5es radial\u00edsticas, ouvinte desocupado-Lhes!<\/strong><\/em><\/p>\n<p>Na sexta-feira, dia 26 de abril, nosso gerente\u00a0<strong><a href=\"http:\/\/twitter.com\/leoradiofobia\" target=\"_blank\" rel=\"noopener\">Leo Lopes<\/a>\u00a0<\/strong>esteve na cidade de <strong>S\u00e3o Carlos &#8211; SP<\/strong>, participando do <strong>6\u00ba Encontro com Locutores<\/strong> promovido pelo curso de radialismo do\u00a0<strong>SENAC<\/strong> para discutir as\u00a0<strong>converg\u00eancia e diverg\u00eancias do r\u00e1dio na era digital<\/strong>!<\/p>\n<p><em>Por que o r\u00e1dio tem tanto medo da internet? Qual a diferen\u00e7a entre r\u00e1dio, webradio e podcast? O que o r\u00e1dio pode aprender com a internet? Como o r\u00e1dio e seus profissionais podem aproveitar todas as possibilidades que a internet proporciona?<\/em><\/p>\n<p>Essas e outras perguntas foram discutidas nesse debate, cujo \u00e1udio na \u00edntegra foi reproduzido no programa de hoje, em mais um epis\u00f3dio da nossa s\u00e9rie sobre <strong><a href=\"http:\/\/radiofobia.com.br\/category\/podcast\/profissionais-do-radio\/\" target=\"_blank\" rel=\"noopener\">Profissionais do R\u00e1dio<\/a><\/strong>!<\/p>\n<p><strong><span style=\"color: #990000;\">Participantes do debate:<\/span><\/strong><br \/>\n<em><strong><a href=\"http:\/\/about.me\/leolopes\" target=\"_blank\" rel=\"noopener\">Leo Lopes<\/a><\/strong><\/em><br \/>\n<em> Bom, esse voc\u00ea j\u00e1 conhece, certo? \ud83d\ude09<\/em><\/p>\n<p><em><strong><a href=\"https:\/\/www.facebook.com\/nair.prata?group_id=0\" target=\"_blank\" rel=\"noopener\">Nair Prata<\/a><\/strong><\/em><br \/>\n<em> Jornalista, doutora em Lingu\u00edstica Aplicada, mestre em Comunica\u00e7\u00e3o e professora adjunta do curso de Jornalismo da Universidade Federal de Ouro Preto (UFOP). \u00c9 tamb\u00e9m autora do livro &#8220;Webradio &#8211; novos g\u00eaneros, novas formas de intera\u00e7\u00e3o&#8221;.<\/em><\/p>\n<p><em><strong><a href=\"https:\/\/www.facebook.com\/nei.santos.716?group_id=0\" target=\"_blank\" rel=\"noopener\">Nei Santos<\/a><\/strong><\/em><br \/>\n<em> Jornalista, locutor de r\u00e1dio e TV, Mestre de Cerim\u00f4nias, \u00e2ncora do Jornal da Intersom e Intersom Debates, colunista do Site Giro da Bola, supervisor de programa\u00e7\u00e3o da EPTV Central (afiliada Rede Globo) e docente no curso de Locu\u00e7\u00e3o do Senac S\u00e3o Carlos desde 1993.<\/em><\/p>\n<p><em><strong><a href=\"https:\/\/www.facebook.com\/kaka.clubefm?group_id=0\" target=\"_blank\" rel=\"noopener\">Kak\u00e1<\/a><\/strong><\/em><br \/>\n<em> Locutor h\u00e1 25 anos e coordenador art\u00edstico do Sistema Clube FM de S\u00e3o Carlos.<\/em><\/p>\n<p><em><strong><a href=\"https:\/\/www.facebook.com\/celsofdf?group_id=0\" target=\"_blank\" rel=\"noopener\">Celso Derisso Filho<\/a><\/strong><\/em><br \/>\n<em> Graduado em Marketing, p\u00f3s-graduado em MBA em Gest\u00e3o Empresarial, e possui forma\u00e7\u00f5es nas \u00e1reas de administra\u00e7\u00e3o de empresas, com\u00e9rcio exterior, comportamento humano e empreendedorismo. \u00c9 diretor do Grupo IT Brasil e tamb\u00e9m docente da unidade SENAC S\u00e3o Carlos.<\/em><\/p>\n<p><strong><span style=\"color: #990000;\">Recadalhos, surubex e TICLIMs:<\/span><\/strong><br \/>\n&#8211; <a href=\"http:\/\/bit.ly\/wsleoriodesc\" target=\"_blank\" rel=\"noopener\">Inscreva-se no\u00a0<strong>Workshop de Produ\u00e7\u00e3o de Podcasts com Leo Lopes<\/strong> <em>(dia 18\/05, das 13h \u00e0s 18h no <strong>Rio de Janeiro<\/strong>)<\/em>\u00a0com 20% de desconto at\u00e9 \u00e0s 23h59 do dia 02\/05\/2013<\/a><br \/>\n&#8211; <a href=\"http:\/\/bit.ly\/querowsleo\" target=\"_blank\" rel=\"noopener\">Indique a cidade onde voc\u00ea quer que o <strong>Workshop de Produ\u00e7\u00e3o de Podcasts<\/strong> seja realizado<\/a><br \/>\n&#8211;\u00a0<a href=\"https:\/\/twitter.com\/radiofobia\" target=\"_blank\" rel=\"noopener\">Siga\u00a0<strong>@radiofobia<\/strong>\u00a0no tuV\u00edtter<\/a><br \/>\n&#8211;\u00a0<a href=\"https:\/\/www.facebook.com\/radiofobiapodcast\" target=\"_blank\" rel=\"noopener\">Curta a p\u00e1gina do\u00a0<strong>RADIOFOBIA<\/strong>\u00a0no Facebook<\/a><br \/>\n&#8211;\u00a0<a href=\"https:\/\/www.facebook.com\/radiofobiapm\" target=\"_blank\" rel=\"noopener\">Curta a p\u00e1gina da\u00a0<strong>RADIOFOBIA Podcast e Multim\u00eddia<\/strong>\u00a0no Facebook<\/a><\/p>\n<p><strong><span style=\"color: #990000;\">Links citados no debate:<\/span><\/strong><br \/>\n&#8211;<a href=\"https:\/\/blog.ufba.br\/portaldoradio\/\" target=\"_blank\" rel=\"noopener\"> Grupo de Pesquisa R\u00e1dio e M\u00eddia Sonora da Intercom<\/a><\/p>\n<p><strong style=\"color: #990000;\">E-mails:<\/strong><\/p>\n<p><em>F\u00f3debeques<\/em> dos pogramas ou simples <em>abrax <\/em>e <em>recadalhos<\/em> podem ser enviados para <a title=\"[GMCP] Compose a new mail to podcast@radiofobia.com.br\" href=\"mailto:podcast@radiofobia.com.br\" target=\"blank\" rel=\"noreferrer\">podcast@radiofobia.com.br<\/a>!<\/p>\n<p><span style=\"color: #990000;\"><strong>Ou\u00e7a o R\u00e1diofobia Podcast nos principais agregadores:<\/strong><\/span><br \/>\n&#8211; <strong><a href=\"https:\/\/leolop.es\/rfobia_spotify\" target=\"_blank\" rel=\"noopener noreferrer\">Spotify<\/a><\/strong><br \/>\n&#8211; <strong><a href=\"https:\/\/leolop.es\/rfobia_googlepod\" target=\"_blank\" rel=\"noopener noreferrer\">Google Podcasts<\/a><\/strong><br \/>\n&#8211; <strong><a href=\"https:\/\/http:\/\/leolop.es\/rfitunes\" target=\"_blank\" rel=\"noopener noreferrer\">Apple Podcasts<\/a><\/strong><br \/>\n&#8211; <strong><a href=\"http:\/\/leolop.es\/rfobia_amazon\" target=\"_blank\" rel=\"noopener\">Amazon Music<\/a><\/strong><br \/>\n&#8211; <strong><a href=\"https:\/\/pca.st\/V12f\" target=\"_blank\" rel=\"noopener noreferrer\">PocketCasts<\/a><\/strong><\/p>\n<p><span style=\"color: #990000;\"><strong>Publicidade:<\/strong><\/span><br \/>\n<a href=\"http:\/\/leolop.es\/rfcontato\" target=\"_blank\" rel=\"noopener noreferrer\"><strong>Entre em contato<\/strong><\/a> e saiba como <em>anunciar sua marca, produto ou servi\u00e7o em nossos podcasts<\/em>.<\/p>\n","protected":false},"excerpt":{"rendered":"<p>Saiba tudo o que foi discutido no 6\u00ba Encontro com Locutores do SENAC S\u00e3o Carlos, sobre as converg\u00eancias e diverg\u00eancias do r\u00e1dio na era digital!<\/p>\n","protected":false},"author":2,"featured_media":6989,"comment_status":"open","ping_status":"closed","sticky":false,"template":"","format":"standard","meta":{"footnotes":""},"categories":[13,32],"tags":[430,11,608,821,14,609,90,15,822],"class_list":["post-6971","post","type-post","status-publish","format-standard","has-post-thumbnail","hentry","category-podcast","category-profissionais-do-radio","tag-debate","tag-leo-lopes","tag-locutores","tag-nair-prata","tag-podcast","tag-radialistas","tag-radio","tag-radiofobia","tag-senac"],"_links":{"self":[{"href":"https:\/\/radiofobia.com.br\/podcast\/wp-json\/wp\/v2\/posts\/6971","targetHints":{"allow":["GET"]}}],"collection":[{"href":"https:\/\/radiofobia.com.br\/podcast\/wp-json\/wp\/v2\/posts"}],"about":[{"href":"https:\/\/radiofobia.com.br\/podcast\/wp-json\/wp\/v2\/types\/post"}],"author":[{"embeddable":true,"href":"https:\/\/radiofobia.com.br\/podcast\/wp-json\/wp\/v2\/users\/2"}],"replies":[{"embeddable":true,"href":"https:\/\/radiofobia.com.br\/podcast\/wp-json\/wp\/v2\/comments?post=6971"}],"version-history":[{"count":3,"href":"https:\/\/radiofobia.com.br\/podcast\/wp-json\/wp\/v2\/posts\/6971\/revisions"}],"predecessor-version":[{"id":26024,"href":"https:\/\/radiofobia.com.br\/podcast\/wp-json\/wp\/v2\/posts\/6971\/revisions\/26024"}],"wp:featuredmedia":[{"embeddable":true,"href":"https:\/\/radiofobia.com.br\/podcast\/wp-json\/wp\/v2\/media\/6989"}],"wp:attachment":[{"href":"https:\/\/radiofobia.com.br\/podcast\/wp-json\/wp\/v2\/media?parent=6971"}],"wp:term":[{"taxonomy":"category","embeddable":true,"href":"https:\/\/radiofobia.com.br\/podcast\/wp-json\/wp\/v2\/categories?post=6971"},{"taxonomy":"post_tag","embeddable":true,"href":"https:\/\/radiofobia.com.br\/podcast\/wp-json\/wp\/v2\/tags?post=6971"}],"curies":[{"name":"wp","href":"https:\/\/api.w.org\/{rel}","templated":true}]}}