{"id":7058,"date":"2013-05-07T10:00:52","date_gmt":"2013-05-07T13:00:52","guid":{"rendered":"http:\/\/radiofobia.com.br\/?p=7058"},"modified":"2013-05-07T10:00:52","modified_gmt":"2013-05-07T13:00:52","slug":"o-melhor-humor-do-radio-38-sobrinhos-do-ataide-v-valeska-cristina-e-cleverson-mariano","status":"publish","type":"post","link":"https:\/\/radiofobia.com.br\/podcast\/2013\/05\/o-melhor-humor-do-radio-38-sobrinhos-do-ataide-v-valeska-cristina-e-cleverson-mariano\/","title":{"rendered":"O Melhor Humor do R\u00e1dio #38 &#8211; Sobrinhos do Ata\u00edde V &#8211; Valeska Cristina e Cleverson Mariano"},"content":{"rendered":"<p><strong><a href=\"http:\/\/feeds.feedburner.com\/radiofobia_humor\" target=\"_blank\"><img decoding=\"async\" class=\"alignnone size-full wp-image-5807\" title=\"feed_icon_14x14\" src=\"http:\/\/radiofobia.com.br\/site\/wp-content\/uploads\/2012\/07\/feed_icon_14x14.png\" alt=\"\" width=\"14\" height=\"14\" \/>\u00a0Assine aqui o feed de &#8220;O Melhor Humor do R\u00e1dio&#8221;<\/a><\/strong><br \/>\n<strong><a href=\"http:\/\/itunes.apple.com\/br\/podcast\/radiofobia-o-melhor-humor\/id549733873\" target=\"_blank\"><img decoding=\"async\" class=\"alignnone size-full wp-image-5808\" title=\"itunes_feed_icon_14x14\" src=\"http:\/\/radiofobia.com.br\/site\/wp-content\/uploads\/2012\/07\/itunes_feed_icon_14x14.png\" alt=\"\" width=\"14\" height=\"14\" \/>\u00a0Assine aqui &#8220;O Melhor Humor do R\u00e1dio&#8221; no iTunes<\/a><\/strong><\/p>\n<p><center><img fetchpriority=\"high\" decoding=\"async\" class=\"aligncenter size-full wp-image-5762\" title=\"o_melhor_humor_do_radio\" src=\"http:\/\/radiofobia.com.br\/site\/wp-content\/uploads\/2012\/07\/o_melhor_humor_do_radio.jpg\" alt=\"\" width=\"485\" height=\"275\" \/><\/center>&nbsp;<\/p>\n<p>Chegou a hora do nosso arquivo\u00a0<strong>&#8220;O Melhor Humor do R\u00e1dio&#8221; <\/strong>da semana, trazendo hoje\u00a0mais um quadro eternizado por<strong>\u00a0<a href=\"https:\/\/twitter.com\/felipexavier1\" target=\"_blank\">Felipe Xavier<\/a><\/strong>, <strong><a href=\"https:\/\/en.twitter.com\/eumarcobianchi\" target=\"_blank\">Marco Bianchi<\/a><\/strong> e <strong><a href=\"https:\/\/twitter.com\/PAULOBONFA\" target=\"_blank\">Paulo Bonf\u00e1<\/a>,<\/strong>\u00a0o saudoso trio (porque se separaram, n\u00e3o morreram&#8230; =P )\u00a0<strong>Os Sobrinhos do Ata\u00edde<\/strong>!<\/p>\n<p>Relacionamento, papo cabe\u00e7a, papo sem cabe\u00e7a, conversa muito louca, l\u00f3gica nem t\u00e3o l\u00f3gica e filosofia de maluco: \u00e9 isso (ou quase&#8230;) que voc\u00ea ouve nas conversas entre <strong>Valeska Cristina<\/strong> e <strong>Cleverson Mariano<\/strong>!<\/p>\n<p>[powerpress]<\/p>\n","protected":false},"excerpt":{"rendered":"<p>N\u00e3o adianta tentar adivinhar nem dizer que n\u00e3o pode: rola de tudo no papo cabe\u00e7a entre Valeska Cristina e Cleverson Mariano!<\/p>\n","protected":false},"author":2,"featured_media":5762,"comment_status":"open","ping_status":"closed","sticky":false,"template":"","format":"standard","meta":{"footnotes":""},"categories":[61,262],"tags":[261,2,937,942,90],"class_list":["post-7058","post","type-post","status-publish","format-standard","has-post-thumbnail","hentry","category-humor","category-melhor-humor-do-radio","tag-arquivo","tag-humor","tag-o-melhor-humor-do-radio","tag-os-sobrinhos-do-ataide","tag-radio"],"_links":{"self":[{"href":"https:\/\/radiofobia.com.br\/podcast\/wp-json\/wp\/v2\/posts\/7058","targetHints":{"allow":["GET"]}}],"collection":[{"href":"https:\/\/radiofobia.com.br\/podcast\/wp-json\/wp\/v2\/posts"}],"about":[{"href":"https:\/\/radiofobia.com.br\/podcast\/wp-json\/wp\/v2\/types\/post"}],"author":[{"embeddable":true,"href":"https:\/\/radiofobia.com.br\/podcast\/wp-json\/wp\/v2\/users\/2"}],"replies":[{"embeddable":true,"href":"https:\/\/radiofobia.com.br\/podcast\/wp-json\/wp\/v2\/comments?post=7058"}],"version-history":[{"count":0,"href":"https:\/\/radiofobia.com.br\/podcast\/wp-json\/wp\/v2\/posts\/7058\/revisions"}],"wp:featuredmedia":[{"embeddable":true,"href":"https:\/\/radiofobia.com.br\/podcast\/wp-json\/wp\/v2\/media\/5762"}],"wp:attachment":[{"href":"https:\/\/radiofobia.com.br\/podcast\/wp-json\/wp\/v2\/media?parent=7058"}],"wp:term":[{"taxonomy":"category","embeddable":true,"href":"https:\/\/radiofobia.com.br\/podcast\/wp-json\/wp\/v2\/categories?post=7058"},{"taxonomy":"post_tag","embeddable":true,"href":"https:\/\/radiofobia.com.br\/podcast\/wp-json\/wp\/v2\/tags?post=7058"}],"curies":[{"name":"wp","href":"https:\/\/api.w.org\/{rel}","templated":true}]}}