{"id":7209,"date":"2013-06-18T10:00:07","date_gmt":"2013-06-18T13:00:07","guid":{"rendered":"http:\/\/radiofobia.com.br\/?p=7209"},"modified":"2013-06-18T10:00:07","modified_gmt":"2013-06-18T13:00:07","slug":"o-melhor-humor-do-radio-43-prk-30-vi-irmaos-fanhosos","status":"publish","type":"post","link":"https:\/\/radiofobia.com.br\/podcast\/2013\/06\/o-melhor-humor-do-radio-43-prk-30-vi-irmaos-fanhosos\/","title":{"rendered":"O Melhor Humor do R\u00e1dio #43 &#8211; PRK-30 VI &#8211; Irm\u00e3os Fanhosos"},"content":{"rendered":"<p><strong><a href=\"http:\/\/feeds.feedburner.com\/radiofobia_humor\" target=\"_blank\"><img decoding=\"async\" class=\"alignnone size-full wp-image-5807\" title=\"feed_icon_14x14\" src=\"http:\/\/radiofobia.com.br\/site\/wp-content\/uploads\/2012\/07\/feed_icon_14x14.png\" alt=\"\" width=\"14\" height=\"14\" \/>\u00a0Assine aqui o feed de &#8220;O Melhor Humor do R\u00e1dio&#8221;<\/a><\/strong><br \/>\n<strong><a href=\"http:\/\/itunes.apple.com\/br\/podcast\/radiofobia-o-melhor-humor\/id549733873\" target=\"_blank\"><img decoding=\"async\" class=\"alignnone size-full wp-image-5808\" title=\"itunes_feed_icon_14x14\" src=\"http:\/\/radiofobia.com.br\/site\/wp-content\/uploads\/2012\/07\/itunes_feed_icon_14x14.png\" alt=\"\" width=\"14\" height=\"14\" \/>\u00a0Assine aqui &#8220;O Melhor Humor do R\u00e1dio&#8221; no iTunes<\/a><\/strong><\/p>\n<p><center><img fetchpriority=\"high\" decoding=\"async\" class=\"aligncenter size-full wp-image-5762\" title=\"o_melhor_humor_do_radio\" src=\"http:\/\/radiofobia.com.br\/site\/wp-content\/uploads\/2012\/07\/o_melhor_humor_do_radio.jpg\" alt=\"\" width=\"485\" height=\"275\" \/><\/center>&nbsp;<\/p>\n<div>\n<p>No nosso arquivo <strong>&#8220;O Melhor Humor do R\u00e1dio&#8221;<\/strong> de hoje, \u00e9 com orgulho que apresentamos novamente mais uma \u00a0preciosidade de <strong>Lauro Borges<\/strong> e <strong>Castro Barbosa<\/strong> em sua inigual\u00e1vel\u00a0<strong>PRK-30<\/strong>!<\/p>\n<p>Continuando com as par\u00f3dias dos famosos programas de calouros, <strong>Megat\u00e9rio Nababo d&#8217;Alicerce<\/strong> e <strong>Otelo Trigueiro<\/strong>\u00a0&#8211; <em>o licutor de voz lantijolada<\/em> &#8211; recebem hoje os <strong>Irm\u00e3os Fanhosos<\/strong> para interpretar belas can\u00e7\u00f5es.<\/p>\n<p>O \u00e1udio de nosso arquivo de hoje \u00e9 formado por uma grava\u00e7\u00e3o do arquivo da R\u00e1dio Nacional datada de 02\/11\/1958.<\/p>\n<p>[powerpress]<\/p>\n<\/div>\n","protected":false},"excerpt":{"rendered":"<p>No programa de calouros de hoje, os inoxid\u00e1veis Otelo Trigueiro e Megat\u00e9rio Nababo D&#8217;Alicerce recebem os Irm\u00e3os Fanhosos para interpretar sua belas can\u00e7\u00f5es!<\/p>\n","protected":false},"author":2,"featured_media":5762,"comment_status":"open","ping_status":"closed","sticky":false,"template":"","format":"standard","meta":{"footnotes":""},"categories":[61,262],"tags":[261,2,937,938,90],"class_list":["post-7209","post","type-post","status-publish","format-standard","has-post-thumbnail","hentry","category-humor","category-melhor-humor-do-radio","tag-arquivo","tag-humor","tag-o-melhor-humor-do-radio","tag-prk-30","tag-radio"],"_links":{"self":[{"href":"https:\/\/radiofobia.com.br\/podcast\/wp-json\/wp\/v2\/posts\/7209","targetHints":{"allow":["GET"]}}],"collection":[{"href":"https:\/\/radiofobia.com.br\/podcast\/wp-json\/wp\/v2\/posts"}],"about":[{"href":"https:\/\/radiofobia.com.br\/podcast\/wp-json\/wp\/v2\/types\/post"}],"author":[{"embeddable":true,"href":"https:\/\/radiofobia.com.br\/podcast\/wp-json\/wp\/v2\/users\/2"}],"replies":[{"embeddable":true,"href":"https:\/\/radiofobia.com.br\/podcast\/wp-json\/wp\/v2\/comments?post=7209"}],"version-history":[{"count":0,"href":"https:\/\/radiofobia.com.br\/podcast\/wp-json\/wp\/v2\/posts\/7209\/revisions"}],"wp:featuredmedia":[{"embeddable":true,"href":"https:\/\/radiofobia.com.br\/podcast\/wp-json\/wp\/v2\/media\/5762"}],"wp:attachment":[{"href":"https:\/\/radiofobia.com.br\/podcast\/wp-json\/wp\/v2\/media?parent=7209"}],"wp:term":[{"taxonomy":"category","embeddable":true,"href":"https:\/\/radiofobia.com.br\/podcast\/wp-json\/wp\/v2\/categories?post=7209"},{"taxonomy":"post_tag","embeddable":true,"href":"https:\/\/radiofobia.com.br\/podcast\/wp-json\/wp\/v2\/tags?post=7209"}],"curies":[{"name":"wp","href":"https:\/\/api.w.org\/{rel}","templated":true}]}}