{"id":7641,"date":"2013-08-20T10:00:02","date_gmt":"2013-08-20T13:00:02","guid":{"rendered":"http:\/\/radiofobia.com.br\/?p=7641"},"modified":"2013-08-20T10:00:02","modified_gmt":"2013-08-20T13:00:02","slug":"o-melhor-humor-do-radio-52-prk-30-vii-as-velhas-02","status":"publish","type":"post","link":"https:\/\/radiofobia.com.br\/podcast\/2013\/08\/o-melhor-humor-do-radio-52-prk-30-vii-as-velhas-02\/","title":{"rendered":"O Melhor Humor do R\u00e1dio #52 &#8211; PRK-30 VII &#8211; As Velhas 02"},"content":{"rendered":"<p><strong><a href=\"http:\/\/feeds.feedburner.com\/radiofobia_humor\" target=\"_blank\"><img decoding=\"async\" class=\"alignnone size-full wp-image-5807\" title=\"feed_icon_14x14\" src=\"http:\/\/radiofobia.com.br\/site\/wp-content\/uploads\/2012\/07\/feed_icon_14x14.png\" alt=\"\" width=\"14\" height=\"14\" \/>\u00a0Assine aqui o feed de &#8220;O Melhor Humor do R\u00e1dio&#8221;<\/a><\/strong><br \/>\n<strong><a href=\"http:\/\/itunes.apple.com\/br\/podcast\/radiofobia-o-melhor-humor\/id549733873\" target=\"_blank\"><img decoding=\"async\" class=\"alignnone size-full wp-image-5808\" title=\"itunes_feed_icon_14x14\" src=\"http:\/\/radiofobia.com.br\/site\/wp-content\/uploads\/2012\/07\/itunes_feed_icon_14x14.png\" alt=\"\" width=\"14\" height=\"14\" \/>\u00a0Assine aqui &#8220;O Melhor Humor do R\u00e1dio&#8221; no iTunes<\/a><\/strong><\/p>\n<p><center><img fetchpriority=\"high\" decoding=\"async\" class=\"aligncenter size-full wp-image-5762\" title=\"o_melhor_humor_do_radio\" src=\"http:\/\/radiofobia.com.br\/site\/wp-content\/uploads\/2012\/07\/o_melhor_humor_do_radio.jpg\" alt=\"\" width=\"485\" height=\"275\" \/><\/center>&nbsp;<\/p>\n<div>\n<p>Em nosso arquivo <strong>&#8220;O Melhor Humor do R\u00e1dio&#8221;<\/strong> desta semana, continuamos a publicar os tesouros de <strong>Lauro Borges<\/strong> e <strong>Castro Basbosa<\/strong> na inesquec\u00edvel <strong>PRK-30<\/strong>!<\/p>\n<p>Entre as atra\u00e7\u00f5es permanentes da <strong>R\u00e1dio Nacional <\/strong>estavam os programas de audit\u00f3rio, com calouros, como <em>Papel Carbono, <\/em>de Renato Murce, e <em>A Hora do Pato,<\/em>\u00a0de Hever de B\u00f4scoli.<\/p>\n<p>Tais programas eram constantemente parodiados na PRK-30, em \u00e1udios como os que apresentamos hoje gravados em 23\/05\/1947, 16\/01\/1956 e 17\/04\/1958, apresentando <strong>Castro Barbosa\u00a0<\/strong>como <em>Megat\u00e9rio Nababo d&#8217;Alicerce<\/em> recebendo calouros inusitados como a &#8220;velha&#8221;, interpretada por <strong>Lauro Borges<\/strong>.<\/p>\n<p>[powerpress]<\/p>\n<\/div>\n","protected":false},"excerpt":{"rendered":"<p>Hoje apresentamos novamente uma das marcas registradas da PRK-30: as par\u00f3dias de programas de audit\u00f3rio e de calouros, em \u00e1udios de 1947, 1956 e 1958. Pra ouvir e rir todas as vezes!<\/p>\n","protected":false},"author":2,"featured_media":5762,"comment_status":"open","ping_status":"closed","sticky":false,"template":"","format":"standard","meta":{"footnotes":""},"categories":[61,262],"tags":[261,2,937,938,90],"class_list":["post-7641","post","type-post","status-publish","format-standard","has-post-thumbnail","hentry","category-humor","category-melhor-humor-do-radio","tag-arquivo","tag-humor","tag-o-melhor-humor-do-radio","tag-prk-30","tag-radio"],"_links":{"self":[{"href":"https:\/\/radiofobia.com.br\/podcast\/wp-json\/wp\/v2\/posts\/7641","targetHints":{"allow":["GET"]}}],"collection":[{"href":"https:\/\/radiofobia.com.br\/podcast\/wp-json\/wp\/v2\/posts"}],"about":[{"href":"https:\/\/radiofobia.com.br\/podcast\/wp-json\/wp\/v2\/types\/post"}],"author":[{"embeddable":true,"href":"https:\/\/radiofobia.com.br\/podcast\/wp-json\/wp\/v2\/users\/2"}],"replies":[{"embeddable":true,"href":"https:\/\/radiofobia.com.br\/podcast\/wp-json\/wp\/v2\/comments?post=7641"}],"version-history":[{"count":0,"href":"https:\/\/radiofobia.com.br\/podcast\/wp-json\/wp\/v2\/posts\/7641\/revisions"}],"wp:featuredmedia":[{"embeddable":true,"href":"https:\/\/radiofobia.com.br\/podcast\/wp-json\/wp\/v2\/media\/5762"}],"wp:attachment":[{"href":"https:\/\/radiofobia.com.br\/podcast\/wp-json\/wp\/v2\/media?parent=7641"}],"wp:term":[{"taxonomy":"category","embeddable":true,"href":"https:\/\/radiofobia.com.br\/podcast\/wp-json\/wp\/v2\/categories?post=7641"},{"taxonomy":"post_tag","embeddable":true,"href":"https:\/\/radiofobia.com.br\/podcast\/wp-json\/wp\/v2\/tags?post=7641"}],"curies":[{"name":"wp","href":"https:\/\/api.w.org\/{rel}","templated":true}]}}