{"id":8091,"date":"2013-11-27T00:01:40","date_gmt":"2013-11-27T03:01:40","guid":{"rendered":"http:\/\/radiofobia.com.br\/?p=8091"},"modified":"2022-03-14T17:00:19","modified_gmt":"2022-03-14T20:00:19","slug":"radiofobia-126-com-antonio-viviani","status":"publish","type":"post","link":"https:\/\/radiofobia.com.br\/podcast\/2013\/11\/radiofobia-126-com-antonio-viviani\/","title":{"rendered":"RADIOFOBIA 126 &#8211; com Antonio Viviani"},"content":{"rendered":"<p><iframe title=\"RADIOFOBIA 126 \u2013 com Antonio Viviani\" src=\"https:\/\/omny.fm\/shows\/radiofobia-podcast\/radiofobia-126-com-antonio-viviani\/embed\" width=\"100%\" height=\"180\" frameborder=\"0\"><\/iframe><\/p>\n<p><em><strong>Sauda\u00e7\u00f5es radiof\u00f4nicas, ouvinte desocupado-Lhes!<\/strong><\/em><\/p>\n<p>Foi com muito orgulho que <a style=\"font-weight: bold;\" href=\"http:\/\/twitter.com\/leoradiofobia\" target=\"_blank\" rel=\"noopener\">Leo Lopes<\/a>\u00a0convocou para o programa de hoje os amigos\u00a0<strong><a href=\"http:\/\/twitter.com\/vivacqua\" target=\"_blank\" rel=\"noopener\">Carlos Vivacqua<\/a>\u00a0<\/strong>e <strong><a href=\"http:\/\/twitter.com\/rafa_pizza\" target=\"_blank\" rel=\"noopener\">Rafael Pizza<\/a><\/strong>, para juntos conversarem com <em>uma das vozes mais requisitadas do meio publicit\u00e1rio brasileiro<\/em>: o locutor e radialista <strong><a href=\"http:\/\/twitter.com\/antonioviviani\" target=\"_blank\" rel=\"noopener\">Antonio Viviani<\/a><\/strong>!<\/p>\n<p>Nascido em Po\u00e7os de Caldas, <strong>Viviani<\/strong> come\u00e7ou sua carreira aos 14 anos e foi para S\u00e3o Paulo aos 18, tendo trabalhado em algumas das maiores emissoras de r\u00e1dio tais como a <em>R\u00e1dio Difusora de S\u00e3o Paulo, R\u00e1dio Cultura, R\u00e1dio Antena 1, R\u00e1dio Eldorado e R\u00e1dio Record<\/em>. Na televis\u00e3o trabalhou no <em>SBT, na Rede Record, na TV Cultura e na Bandeirantes<\/em>, onde faz a <em>locu\u00e7\u00e3o do programa CQC<\/em>. \u00c9 um dos principais locutores da <em>ESPN Brasil<\/em>, onde atua desde a funda\u00e7\u00e3o do canal. Na internet, \u00e9 s\u00f3cio-fundador do site <em><a href=\"http:\/\/www.clubedavoz.com.br\/\" target=\"_blank\" rel=\"noopener\">Clube da Voz<\/a><\/em>, que re\u00fane grandes talentos da locu\u00e7\u00e3o brasileira.<\/p>\n<p><strong>Prepare-se para uma aula com um dos mestres da comunica\u00e7\u00e3o brasileira em mais um programa da s\u00e9rie <em>Profissionais do R\u00e1dio<\/em>!<\/strong><\/p>\n<p><strong><span style=\"color: #990000;\">Mel\u00f3dias escolhidas pelo Vivi:<\/span><\/strong><br \/>\n&#8211; <strong>Leo Sayer<\/strong> &#8211; <em>Easy to Love<\/em><br \/>\n&#8211; <strong>Sun<\/strong> &#8211; <em>Sun is Here<\/em><br \/>\n&#8211; <strong>Jimmy &#8220;Bo&#8221; Horne<\/strong> &#8211; <em>Dance Across the Floor<\/em><br \/>\n&#8211; <strong>Em\u00edlio Santiago<\/strong> &#8211; <em>Misty<\/em><\/p>\n<p><strong><span style=\"color: #990000;\">Recadalhos, surubex e TICLIMs:<\/span><\/strong><br \/>\n&#8211; <a href=\"http:\/\/leolop.es\/alotenica00\" target=\"_blank\" rel=\"noopener\"><strong>Al\u00f4 T\u00e9nica! #00<\/strong> &#8211; PILOTO &#8211; M\u00fasica e direitos autorais<\/a><br \/>\n&#8211; <a href=\"http:\/\/leolop.es\/alotenicafeed\" target=\"_blank\" rel=\"noopener\">Assine o feed do <strong>Al\u00f4 T\u00e9nica!<\/strong><\/a><br \/>\n&#8211; <a href=\"http:\/\/leolop.es\/alotenicaitunes\" target=\"_blank\" rel=\"noopener\">Assine o <strong>Al\u00f4 T\u00e9nica!<\/strong> diretamente no seu iTunes<\/a><br \/>\n&#8211;<strong><a href=\"http:\/\/leolop.es\/wsonline\" target=\"_blank\" rel=\"noopener\">Workshop de Produ\u00e7\u00e3o de Podcasts &#8211; EDI\u00c7\u00c3O ONLINE<\/a><\/strong><br \/>\n&#8211; <a href=\"http:\/\/bit.ly\/querowsleo\" target=\"_blank\" rel=\"noopener\">Indique a cidade onde voc\u00ea quer que o <strong>Workshop de Produ\u00e7\u00e3o de Podcasts<\/strong> seja realizado<\/a><br \/>\n&#8211;\u00a0<a href=\"https:\/\/twitter.com\/radiofobia\" target=\"_blank\" rel=\"noopener\">Siga\u00a0<strong>@radiofobia<\/strong>\u00a0no tuV\u00edtter<\/a><br \/>\n&#8211;\u00a0<a href=\"https:\/\/www.facebook.com\/radiofobiapodcast\" target=\"_blank\" rel=\"noopener\">Curta a p\u00e1gina do\u00a0<strong>RADIOFOBIA<\/strong>\u00a0no Facebook<\/a><br \/>\n&#8211;\u00a0<a href=\"https:\/\/www.facebook.com\/radiofobiapm\" target=\"_blank\" rel=\"noopener\">Curta a p\u00e1gina da\u00a0<strong>RADIOFOBIA Podcast e Multim\u00eddia<\/strong>\u00a0no Facebook<\/a><\/p>\n<p><strong><span style=\"color: #990000;\">Links citados no pograma-Lhes:<\/span><\/strong><br \/>\n&#8211; <a href=\"https:\/\/twitter.com\/antonioviviani\" target=\"_blank\" rel=\"noopener\">Siga o <strong>@antonioviviani<\/strong> no tuV\u00edtter<\/a><br \/>\n&#8211; <a href=\"https:\/\/www.facebook.com\/antoniovivianioficial\" target=\"_blank\" rel=\"noopener\">P\u00e1gina do <strong>Antonio Viviani<\/strong> no Facebook<\/a><br \/>\n&#8211; <a href=\"http:\/\/www.clubedavoz.com.br\/antonioviviani\" target=\"_blank\" rel=\"noopener\">P\u00e1gina do <strong>Antonio Viviani<\/strong> no Clube da Voz<\/a><br \/>\n&#8211; <a href=\"http:\/\/leolop.es\/calhelhagaivota\" target=\"_blank\" rel=\"noopener\">Ramos Calhelha narra Jonathan Gaivota<\/a><br \/>\n&#8211; <a href=\"http:\/\/www.clubedavoz.com.br\/\" target=\"_blank\" rel=\"noopener\">Clube da Voz<\/a><br \/>\n&#8211; <a href=\"mailto:workshoplocucao@gmail.com\" target=\"_blank\" rel=\"noopener\">Workshops de Locu\u00e7\u00e3o com Antonio Viviani<\/a><br \/>\n&#8211; <a href=\"http:\/\/youtu.be\/IwRaaisjZVI\" target=\"_blank\" rel=\"noopener\">Comercial Red Bull Air Race com locu\u00e7\u00e3o de Viviani<\/a><\/p>\n<p><span style=\"color: #990000;\"><strong>E-mails:<\/strong><\/span><br \/>\n<em>F\u00f3debeques<\/em> dos pogramas ou simples <em>abrax <\/em>e <em>recadalhos<\/em> podem ser enviados para <a title=\"[GMCP] Compose a new mail to podcast@radiofobia.com.br\" href=\"mailto:podcast@radiofobia.com.br\" target=\"blank\" rel=\"noreferrer\">podcast@radiofobia.com.br<\/a>!<\/p>\n<p><span style=\"color: #990000;\"><strong>Ou\u00e7a o R\u00e1diofobia Podcast nos principais agregadores:<\/strong><\/span><br \/>\n&#8211; <strong><a href=\"https:\/\/leolop.es\/rfobia_spotify\" target=\"_blank\" rel=\"noopener noreferrer\">Spotify<\/a><\/strong><br \/>\n&#8211; <strong><a href=\"https:\/\/leolop.es\/rfobia_googlepod\" target=\"_blank\" rel=\"noopener noreferrer\">Google Podcasts<\/a><\/strong><br \/>\n&#8211; <strong><a href=\"https:\/\/http:\/\/leolop.es\/rfitunes\" target=\"_blank\" rel=\"noopener noreferrer\">Apple Podcasts<\/a><\/strong><br \/>\n&#8211; <strong><a href=\"http:\/\/leolop.es\/rfobia_amazon\" target=\"_blank\" rel=\"noopener\">Amazon Music<\/a><\/strong><br \/>\n&#8211; <strong><a href=\"https:\/\/pca.st\/V12f\" target=\"_blank\" rel=\"noopener noreferrer\">PocketCasts<\/a><\/strong><\/p>\n<p><span style=\"color: #990000;\"><strong>Publicidade:<\/strong><\/span><br \/>\n<a href=\"http:\/\/leolop.es\/rfcontato\" target=\"_blank\" rel=\"noopener noreferrer\"><strong>Entre em contato<\/strong><\/a> e saiba como <em>anunciar sua marca, produto ou servi\u00e7o em nossos podcasts<\/em>.<\/p>\n","protected":false},"excerpt":{"rendered":"<p>No programa de hoje, temos a honra de entrevistar o dono de uma das vozes mais requisitadas do meio publicit\u00e1rio brasileiro: o locutor e radialista Antonio Viviani! <\/p>\n","protected":false},"author":2,"featured_media":8092,"comment_status":"open","ping_status":"closed","sticky":false,"template":"","format":"standard","meta":{"footnotes":""},"categories":[13,32,35],"tags":[675,11,607,14,609,90,15,610,196,471],"class_list":["post-8091","post","type-post","status-publish","format-standard","has-post-thumbnail","hentry","category-podcast","category-profissionais-do-radio","category-radiofobia","tag-antonio-viviani","tag-leo-lopes","tag-locucao","tag-podcast","tag-radialistas","tag-radio","tag-radiofobia","tag-rafael-pizza","tag-vivacqua","tag-voz"],"_links":{"self":[{"href":"https:\/\/radiofobia.com.br\/podcast\/wp-json\/wp\/v2\/posts\/8091","targetHints":{"allow":["GET"]}}],"collection":[{"href":"https:\/\/radiofobia.com.br\/podcast\/wp-json\/wp\/v2\/posts"}],"about":[{"href":"https:\/\/radiofobia.com.br\/podcast\/wp-json\/wp\/v2\/types\/post"}],"author":[{"embeddable":true,"href":"https:\/\/radiofobia.com.br\/podcast\/wp-json\/wp\/v2\/users\/2"}],"replies":[{"embeddable":true,"href":"https:\/\/radiofobia.com.br\/podcast\/wp-json\/wp\/v2\/comments?post=8091"}],"version-history":[{"count":3,"href":"https:\/\/radiofobia.com.br\/podcast\/wp-json\/wp\/v2\/posts\/8091\/revisions"}],"predecessor-version":[{"id":26044,"href":"https:\/\/radiofobia.com.br\/podcast\/wp-json\/wp\/v2\/posts\/8091\/revisions\/26044"}],"wp:featuredmedia":[{"embeddable":true,"href":"https:\/\/radiofobia.com.br\/podcast\/wp-json\/wp\/v2\/media\/8092"}],"wp:attachment":[{"href":"https:\/\/radiofobia.com.br\/podcast\/wp-json\/wp\/v2\/media?parent=8091"}],"wp:term":[{"taxonomy":"category","embeddable":true,"href":"https:\/\/radiofobia.com.br\/podcast\/wp-json\/wp\/v2\/categories?post=8091"},{"taxonomy":"post_tag","embeddable":true,"href":"https:\/\/radiofobia.com.br\/podcast\/wp-json\/wp\/v2\/tags?post=8091"}],"curies":[{"name":"wp","href":"https:\/\/api.w.org\/{rel}","templated":true}]}}