{"id":8127,"date":"2013-12-03T10:00:05","date_gmt":"2013-12-03T12:00:05","guid":{"rendered":"http:\/\/radiofobia.com.br\/?p=8127"},"modified":"2013-12-03T10:00:05","modified_gmt":"2013-12-03T12:00:05","slug":"o-melhor-humor-do-radio-67-homem-cueca-viii-cueca-nas-estrelas","status":"publish","type":"post","link":"https:\/\/radiofobia.com.br\/podcast\/2013\/12\/o-melhor-humor-do-radio-67-homem-cueca-viii-cueca-nas-estrelas\/","title":{"rendered":"O Melhor Humor do R\u00e1dio #67 &#8211; Homem-cueca VIII &#8211; Cueca nas Estrelas"},"content":{"rendered":"<p><strong><a href=\"http:\/\/feeds.feedburner.com\/radiofobia_humor\" target=\"_blank\"><img decoding=\"async\" class=\"alignnone size-full wp-image-5807\" title=\"feed_icon_14x14\" src=\"http:\/\/radiofobia.com.br\/site\/wp-content\/uploads\/2012\/07\/feed_icon_14x14.png\" alt=\"\" width=\"14\" height=\"14\" \/>\u00a0Assine aqui o feed de &#8220;O Melhor Humor do R\u00e1dio&#8221;<\/a><\/strong><br \/>\n<strong><a href=\"http:\/\/itunes.apple.com\/br\/podcast\/radiofobia-o-melhor-humor\/id549733873\" target=\"_blank\"><img decoding=\"async\" class=\"alignnone size-full wp-image-5808\" title=\"itunes_feed_icon_14x14\" src=\"http:\/\/radiofobia.com.br\/site\/wp-content\/uploads\/2012\/07\/itunes_feed_icon_14x14.png\" alt=\"\" width=\"14\" height=\"14\" \/>\u00a0Assine aqui &#8220;O Melhor Humor do R\u00e1dio&#8221; no iTunes<\/a><\/strong><\/p>\n<p><center><img fetchpriority=\"high\" decoding=\"async\" class=\"aligncenter size-full wp-image-5762\" title=\"o_melhor_humor_do_radio\" src=\"http:\/\/radiofobia.com.br\/site\/wp-content\/uploads\/2012\/07\/o_melhor_humor_do_radio.jpg\" alt=\"\" width=\"485\" height=\"275\" \/><\/center>&nbsp;<\/p>\n<p>Poucos personagens do humor no r\u00e1dio ficaram t\u00e3o gravados na mem\u00f3ria das pessoas como aquele que sempre aparecia ao ser chamado, ~resolvia~ os &#8220;poblemas&#8221; e na hora de ir embora, s\u00f3 cobrava <strong>100 reau mais o dinheiro do buz\u00e3o<\/strong>!<\/p>\n<p>O\u00a0<strong>Homem-cueca<\/strong>, personagem dos <strong>Os Sobrinhos do Ata\u00edde,<\/strong>\u00a0estourou na 89 FM mas tamb\u00e9m passou pela Rede Jovem Pan, na voz de Paulo Bonf\u00e1, e na Mix FM, dentro do quadro <strong>Chuchu Beleza<\/strong> de Felipe Xavier.<\/p>\n<p>E agora \u00e9 a vez dele brilhar aqui em nosso arquivo <strong>&#8220;O Melhor Humor do R\u00e1dio&#8221;<\/strong>, junto com sua companheira, a <em>Mulher-calcinha<\/em>, e o pentelho do <em>Menino-fralda<\/em>!<\/p>\n<p>Se voc\u00ea curte os cl\u00e1ssicos do cinema, prepare-se para chorar de emo\u00e7\u00e3o com essa vers\u00e3o de <strong>Cueca nas Estrelas!<\/strong><\/p>\n<p>[powerpress]<\/p>\n","protected":false},"excerpt":{"rendered":"<p>\u00c9 hora de conferir a verdadeira vers\u00e3o de um dos cl\u00e1ssicos do cinema: Cueca nas Estrelas!<\/p>\n","protected":false},"author":2,"featured_media":5762,"comment_status":"open","ping_status":"closed","sticky":false,"template":"","format":"standard","meta":{"footnotes":""},"categories":[61,262],"tags":[261,947,2,937,90],"class_list":["post-8127","post","type-post","status-publish","format-standard","has-post-thumbnail","hentry","category-humor","category-melhor-humor-do-radio","tag-arquivo","tag-homem-cueca","tag-humor","tag-o-melhor-humor-do-radio","tag-radio"],"_links":{"self":[{"href":"https:\/\/radiofobia.com.br\/podcast\/wp-json\/wp\/v2\/posts\/8127","targetHints":{"allow":["GET"]}}],"collection":[{"href":"https:\/\/radiofobia.com.br\/podcast\/wp-json\/wp\/v2\/posts"}],"about":[{"href":"https:\/\/radiofobia.com.br\/podcast\/wp-json\/wp\/v2\/types\/post"}],"author":[{"embeddable":true,"href":"https:\/\/radiofobia.com.br\/podcast\/wp-json\/wp\/v2\/users\/2"}],"replies":[{"embeddable":true,"href":"https:\/\/radiofobia.com.br\/podcast\/wp-json\/wp\/v2\/comments?post=8127"}],"version-history":[{"count":0,"href":"https:\/\/radiofobia.com.br\/podcast\/wp-json\/wp\/v2\/posts\/8127\/revisions"}],"wp:featuredmedia":[{"embeddable":true,"href":"https:\/\/radiofobia.com.br\/podcast\/wp-json\/wp\/v2\/media\/5762"}],"wp:attachment":[{"href":"https:\/\/radiofobia.com.br\/podcast\/wp-json\/wp\/v2\/media?parent=8127"}],"wp:term":[{"taxonomy":"category","embeddable":true,"href":"https:\/\/radiofobia.com.br\/podcast\/wp-json\/wp\/v2\/categories?post=8127"},{"taxonomy":"post_tag","embeddable":true,"href":"https:\/\/radiofobia.com.br\/podcast\/wp-json\/wp\/v2\/tags?post=8127"}],"curies":[{"name":"wp","href":"https:\/\/api.w.org\/{rel}","templated":true}]}}