{"id":8133,"date":"2013-12-10T10:00:27","date_gmt":"2013-12-10T12:00:27","guid":{"rendered":"http:\/\/radiofobia.com.br\/?p=8133"},"modified":"2013-12-10T10:00:27","modified_gmt":"2013-12-10T12:00:27","slug":"o-melhor-humor-do-radio-68-panico-viii-seu-brito-no-iraque-08","status":"publish","type":"post","link":"https:\/\/radiofobia.com.br\/podcast\/2013\/12\/o-melhor-humor-do-radio-68-panico-viii-seu-brito-no-iraque-08\/","title":{"rendered":"O Melhor Humor do R\u00e1dio #68 &#8211; P\u00e2nico VIII &#8211; Seu Brito no Iraque 08"},"content":{"rendered":"<p><strong><a href=\"http:\/\/feeds.feedburner.com\/radiofobia_humor\" target=\"_blank\"><img decoding=\"async\" class=\"alignnone size-full wp-image-5807\" title=\"feed_icon_14x14\" src=\"http:\/\/radiofobia.com.br\/site\/wp-content\/uploads\/2012\/07\/feed_icon_14x14.png\" alt=\"\" width=\"14\" height=\"14\" \/>\u00a0Assine aqui o feed de &#8220;O Melhor Humor do R\u00e1dio&#8221;<\/a><\/strong><br \/>\n<strong><a href=\"http:\/\/itunes.apple.com\/br\/podcast\/radiofobia-o-melhor-humor\/id549733873\" target=\"_blank\"><img decoding=\"async\" class=\"alignnone size-full wp-image-5808\" title=\"itunes_feed_icon_14x14\" src=\"http:\/\/radiofobia.com.br\/site\/wp-content\/uploads\/2012\/07\/itunes_feed_icon_14x14.png\" alt=\"\" width=\"14\" height=\"14\" \/>\u00a0Assine aqui &#8220;O Melhor Humor do R\u00e1dio&#8221; no iTunes<\/a><\/strong><\/p>\n<p><center><img fetchpriority=\"high\" decoding=\"async\" class=\"aligncenter size-full wp-image-5762\" title=\"o_melhor_humor_do_radio\" src=\"http:\/\/radiofobia.com.br\/site\/wp-content\/uploads\/2012\/07\/o_melhor_humor_do_radio.jpg\" alt=\"\" width=\"485\" height=\"275\" \/><\/center>&nbsp;<\/p>\n<p>Estamos de volta com nosso arquivo <strong>&#8220;O Melhor Humor do R\u00e1dio&#8221;<\/strong>, trazendo a inesquec\u00edvel cobertura da guerra do Iraque por ningu\u00e9m menos que <strong>Seu Brito, o motorista da peruinha<\/strong>!<\/p>\n<p>Foi em <strong>2003, logo no come\u00e7o da Guerra do Iraque, que Seu Brito foi enviado ao campo de batalha e protagonizou uma das maiores coberturas de guerra do r\u00e1dio mundial<\/strong>! Duvida? Olha a\u00ed as fotos que n\u00e3o nos deixam mentir:<\/p>\n<p>[nggallery id=3]<\/p>\n<p>Prepare-se para ouvir o \u00faltimo cap\u00edtulo das aventuras de <strong>Seu Brito correspondente especial no Iraque<\/strong>!<\/p>\n<p>[powerpress]<\/p>\n","protected":false},"excerpt":{"rendered":"<p>\u00c9 hora de ouvir o \u00faltimo cap\u00edtulo de uma das maiores coberturas humor\u00edsticas de guerra jamais ouvidas no r\u00e1dio mundial, fruto da coragem de ningu\u00e9m menos que Seu Brito!<\/p>\n","protected":false},"author":2,"featured_media":5762,"comment_status":"open","ping_status":"closed","sticky":false,"template":"","format":"standard","meta":{"footnotes":""},"categories":[61,262],"tags":[261,2,945,937,55,90,948],"class_list":["post-8133","post","type-post","status-publish","format-standard","has-post-thumbnail","hentry","category-humor","category-melhor-humor-do-radio","tag-arquivo","tag-humor","tag-jovem-pan","tag-o-melhor-humor-do-radio","tag-panico","tag-radio","tag-seu-brito"],"_links":{"self":[{"href":"https:\/\/radiofobia.com.br\/podcast\/wp-json\/wp\/v2\/posts\/8133","targetHints":{"allow":["GET"]}}],"collection":[{"href":"https:\/\/radiofobia.com.br\/podcast\/wp-json\/wp\/v2\/posts"}],"about":[{"href":"https:\/\/radiofobia.com.br\/podcast\/wp-json\/wp\/v2\/types\/post"}],"author":[{"embeddable":true,"href":"https:\/\/radiofobia.com.br\/podcast\/wp-json\/wp\/v2\/users\/2"}],"replies":[{"embeddable":true,"href":"https:\/\/radiofobia.com.br\/podcast\/wp-json\/wp\/v2\/comments?post=8133"}],"version-history":[{"count":0,"href":"https:\/\/radiofobia.com.br\/podcast\/wp-json\/wp\/v2\/posts\/8133\/revisions"}],"wp:featuredmedia":[{"embeddable":true,"href":"https:\/\/radiofobia.com.br\/podcast\/wp-json\/wp\/v2\/media\/5762"}],"wp:attachment":[{"href":"https:\/\/radiofobia.com.br\/podcast\/wp-json\/wp\/v2\/media?parent=8133"}],"wp:term":[{"taxonomy":"category","embeddable":true,"href":"https:\/\/radiofobia.com.br\/podcast\/wp-json\/wp\/v2\/categories?post=8133"},{"taxonomy":"post_tag","embeddable":true,"href":"https:\/\/radiofobia.com.br\/podcast\/wp-json\/wp\/v2\/tags?post=8133"}],"curies":[{"name":"wp","href":"https:\/\/api.w.org\/{rel}","templated":true}]}}