{"id":8188,"date":"2013-12-04T00:01:20","date_gmt":"2013-12-04T02:01:20","guid":{"rendered":"http:\/\/radiofobia.com.br\/?p=8188"},"modified":"2022-03-14T16:25:28","modified_gmt":"2022-03-14T19:25:28","slug":"radiofobia-almir-marques-entrevista-14-domicio-costa","status":"publish","type":"post","link":"https:\/\/radiofobia.com.br\/podcast\/2013\/12\/radiofobia-almir-marques-entrevista-14-domicio-costa\/","title":{"rendered":"RADIOFOBIA &#8211; Almir Marques Entrevista #14 &#8211; Dom\u00edcio Costa"},"content":{"rendered":"<p><iframe title=\"RADIOFOBIA \u2013 Almir Marques Entrevista #14 \u2013 Dom\u00edcio Costa\" src=\"https:\/\/omny.fm\/shows\/radiofobia-podcast\/radiofobia-almir-marques-entrevista-14-dom-cio-cos\/embed\" width=\"100%\" height=\"180\" frameborder=\"0\"><\/iframe><\/p>\n<p><em><strong>Sauda\u00e7\u00f5es, querido ouvinte!<\/strong><\/em><\/p>\n<p>\u00c9 com orgulho que trazemos este m\u00eas, em nosso acervo &#8220;<strong><a href=\"https:\/\/twitter.com\/almirmarx\" target=\"_blank\" rel=\"noopener\">Almir Marques<\/a>\u00a0Entrevista&#8221;<\/strong>, mais\u00a0uma entrevista originalmente\u00a0transmitida ao vivo pela ondas da\u00a0<strong><a href=\"http:\/\/www.radiofm93.com.br\/#!\/home\" target=\"_blank\" rel=\"noopener\">93 FM de Rio do Sul, Santa Catarina<\/a><\/strong>\u00a0, fruto do trabalho do nosso amigo apaixonado por dublagem, o radialista <strong><a href=\"http:\/\/twitter.com\/almirmarx\" target=\"_blank\" rel=\"noopener\">Almir Marques<\/a><\/strong>!<\/p>\n<p>No nosso arquivo de hoje, apresentamos uma entrevista gravada no ano de 2005 com <strong>Dom\u00edcio Costa,<\/strong>\u00a0um dos maiores dubladores brasileiros de todos os tempos! Pioneiro do r\u00e1dio, come\u00e7ou sua carreira aos 14 anos na <em>R\u00e1dio Nacional do Rio de Janeiro<\/em>, onde foi diretor de radioteatro e posteriormente, gerente da emissora. Al\u00e9m do trabalho no r\u00e1dio, Dom\u00edcio foi tamb\u00e9m compositor, tendo composto ao lado de Roberto Faissal o primeiro sucesso da cantora Dolores Duran.<\/p>\n<p>Dom\u00edcio tamb\u00e9m fez televis\u00e3o na \u00e9poca da TV ao vivo, tendo participado da <em>TV de Vanguarda na TV Tupi do Rio<\/em> ao lado de <em>Lima Duarte, Fernanda Montenegro e S\u00e9rgio Brito<\/em>, entre outros.<\/p>\n<p>Entrou na dublagem em 1958 na <strong>Ziv<\/strong>, precursora da dublagem no Rio de Janeiro e no Brasil. Passou por outras empresas como <strong>CineCastro, Tv Cinesom, Dublasom Guanabara, Herbert Richers, Televox, Telecine, Vti, Delart, Cinev\u00eddeo<\/strong>, entre muitas outras. Era ele quem, no in\u00edcio de 1970, dizia a frase <em>&#8220;Vers\u00e3o brasileira CineCastro, Rio de Janeiro e S\u00e3o Paulo&#8221;<\/em>.<\/p>\n<p>Entre os in\u00fameros trabalhos como dublador, Dom\u00edcio ficou muito conhecido pelos desenhos animados como <em>Popeye, Dick Vigarista e Muttley, Mightor, Le\u00f4ncio em O Novo Pica-Pau<\/em> e outros. Nos filmes, dublou atores como <em>Lee Van Cleef, Anthony Hopkins, Cristopher Lee, Clark Gable e Humphrey Bogart<\/em>, al\u00e9m da narra\u00e7\u00e3o dos <em>document\u00e1rios de Jacques Cousteau<\/em> na d\u00e9cada de 1990.<\/p>\n<p>Ent\u00e3o aumente o volume e curta mais essa entrevista exclusiva em nosso acervo\u00a0<strong>&#8220;Almir Marques Entrevista&#8221;<\/strong>!<\/p>\n<p><strong style=\"color: #990000;\">Acompanhe as atividades do RADIOFOBIA nas redes sociais:<\/strong><br \/>\n&#8211; <a href=\"http:\/\/leolop.es\/alotenica\" target=\"_blank\" rel=\"noopener\"><strong>Al\u00f4 T\u00e9nica!<\/strong>, um podcast sobre produ\u00e7\u00e3o de podcasts<\/a><br \/>\n&#8211;\u00a0<a href=\"https:\/\/twitter.com\/radiofobia\" target=\"_blank\" rel=\"noopener\">Siga\u00a0<strong>@radiofobia<\/strong>\u00a0no tuV\u00edtter<\/a><br \/>\n&#8211; <a href=\"http:\/\/twitter.com\/alotenica\" target=\"_blank\" rel=\"noopener\">Siga <strong>@alotenica<\/strong> no tuV\u00edtter<\/a><br \/>\n&#8211;\u00a0<a href=\"https:\/\/www.facebook.com\/radiofobiapodcast\" target=\"_blank\" rel=\"noopener\">Curta a p\u00e1gina do\u00a0<strong>RADIOFOBIA<\/strong>\u00a0no Facebook<\/a><br \/>\n&#8211;\u00a0<a href=\"https:\/\/www.facebook.com\/radiofobiapm\" target=\"_blank\" rel=\"noopener\">Curta a p\u00e1gina da\u00a0<strong>RADIOFOBIA Podcast e Multim\u00eddia<\/strong>\u00a0no Facebook<\/a><br \/>\n&#8211; <a href=\"https:\/\/www.facebook.com\/alotenica\" target=\"_blank\" rel=\"noopener\">Curta a p\u00e1gina do <strong>Al\u00f4 T\u00e9nica!<\/strong> no Facebook<\/a><\/p>\n<p><strong style=\"color: #990000;\">E-mails:<\/strong><br \/>\n<em>F\u00f3debeques<\/em> dos pogramas ou simples <em>abrax <\/em>e <em>recadalhos<\/em> podem ser enviados para <a title=\"[GMCP] Compose a new mail to podcast@radiofobia.com.br\" href=\"mailto:podcast@radiofobia.com.br\" target=\"blank\" rel=\"noreferrer\">podcast@radiofobia.com.br<\/a>!<\/p>\n<p><span style=\"color: #990000;\"><strong>Ou\u00e7a o R\u00e1diofobia Podcast nos principais agregadores:<\/strong><\/span><br \/>\n&#8211; <strong><a href=\"https:\/\/leolop.es\/rfobia_spotify\" target=\"_blank\" rel=\"noopener noreferrer\">Spotify<\/a><\/strong><br \/>\n&#8211; <strong><a href=\"https:\/\/leolop.es\/rfobia_googlepod\" target=\"_blank\" rel=\"noopener noreferrer\">Google Podcasts<\/a><\/strong><br \/>\n&#8211; <strong><a href=\"https:\/\/http:\/\/leolop.es\/rfitunes\" target=\"_blank\" rel=\"noopener noreferrer\">Apple Podcasts<\/a><\/strong><br \/>\n&#8211; <strong><a href=\"http:\/\/leolop.es\/rfobia_amazon\" target=\"_blank\" rel=\"noopener\">Amazon Music<\/a><\/strong><br \/>\n&#8211; <strong><a href=\"https:\/\/pca.st\/V12f\" target=\"_blank\" rel=\"noopener noreferrer\">PocketCasts<\/a><\/strong><\/p>\n<p><span style=\"color: #990000;\"><strong>Publicidade:<\/strong><\/span><br \/>\n<a href=\"http:\/\/leolop.es\/rfcontato\" target=\"_blank\" rel=\"noopener noreferrer\"><strong>Entre em contato<\/strong><\/a> e saiba como <em>anunciar sua marca, produto ou servi\u00e7o em nossos podcasts<\/em>.<\/p>\n","protected":false},"excerpt":{"rendered":"<p>Prepare-se para ouvir uma entrevista hist\u00f3rica gravada em 2005 com Dom\u00edcio Costa, um dos maiores dubladores brasileiros de todos os tempos!<\/p>\n","protected":false},"author":2,"featured_media":8190,"comment_status":"open","ping_status":"closed","sticky":false,"template":"","format":"standard","meta":{"footnotes":""},"categories":[911,86,13],"tags":[792,789,852,81,177,14,15],"class_list":["post-8188","post","type-post","status-publish","format-standard","has-post-thumbnail","hentry","category-almir-marques","category-o-coracao-da-voz","category-podcast","tag-acervo","tag-almir-marques","tag-domicio-costa","tag-dublagem","tag-entrevista","tag-podcast","tag-radiofobia"],"_links":{"self":[{"href":"https:\/\/radiofobia.com.br\/podcast\/wp-json\/wp\/v2\/posts\/8188","targetHints":{"allow":["GET"]}}],"collection":[{"href":"https:\/\/radiofobia.com.br\/podcast\/wp-json\/wp\/v2\/posts"}],"about":[{"href":"https:\/\/radiofobia.com.br\/podcast\/wp-json\/wp\/v2\/types\/post"}],"author":[{"embeddable":true,"href":"https:\/\/radiofobia.com.br\/podcast\/wp-json\/wp\/v2\/users\/2"}],"replies":[{"embeddable":true,"href":"https:\/\/radiofobia.com.br\/podcast\/wp-json\/wp\/v2\/comments?post=8188"}],"version-history":[{"count":4,"href":"https:\/\/radiofobia.com.br\/podcast\/wp-json\/wp\/v2\/posts\/8188\/revisions"}],"predecessor-version":[{"id":26019,"href":"https:\/\/radiofobia.com.br\/podcast\/wp-json\/wp\/v2\/posts\/8188\/revisions\/26019"}],"wp:featuredmedia":[{"embeddable":true,"href":"https:\/\/radiofobia.com.br\/podcast\/wp-json\/wp\/v2\/media\/8190"}],"wp:attachment":[{"href":"https:\/\/radiofobia.com.br\/podcast\/wp-json\/wp\/v2\/media?parent=8188"}],"wp:term":[{"taxonomy":"category","embeddable":true,"href":"https:\/\/radiofobia.com.br\/podcast\/wp-json\/wp\/v2\/categories?post=8188"},{"taxonomy":"post_tag","embeddable":true,"href":"https:\/\/radiofobia.com.br\/podcast\/wp-json\/wp\/v2\/tags?post=8188"}],"curies":[{"name":"wp","href":"https:\/\/api.w.org\/{rel}","templated":true}]}}