{"id":8207,"date":"2013-12-09T10:00:22","date_gmt":"2013-12-09T12:00:22","guid":{"rendered":"http:\/\/radiofobia.com.br\/?p=8207"},"modified":"2022-03-24T15:21:36","modified_gmt":"2022-03-24T18:21:36","slug":"alo-tenica-01-10-pontos-para-levar-em-conta-ao-produzir-um-podcast","status":"publish","type":"post","link":"https:\/\/radiofobia.com.br\/podcast\/2013\/12\/alo-tenica-01-10-pontos-para-levar-em-conta-ao-produzir-um-podcast\/","title":{"rendered":"Al\u00f4 T\u00e9nica! #01 &#8211; 10 pontos para levar em conta ao produzir um PODCAST"},"content":{"rendered":"<p><iframe title=\"Al\u00f4 T\u00e9nica! #01 \u2013 10 pontos para levar em conta ao produzir um PODCAST\" src=\"https:\/\/omny.fm\/shows\/alo-tenica\/al-t-nica-01-10-pontos-para-levar-em-conta-ao-prod\/embed\" width=\"100%\" height=\"180\" frameborder=\"0\"><\/iframe><\/p>\n<p><em><strong>Sauda\u00e7\u00f5es, ouvinte entusiasta do podcast!<\/strong><\/em><\/p>\n<p>\u00c9 com orgulho que apresentamos o primeiro epis\u00f3dio do mais novo projeto da <strong><a href=\"https:\/\/www.facebook.com\/radiofobiapm\" target=\"_blank\" rel=\"noopener\">R\u00e1diofobia Podcast e Multim\u00eddia<\/a><\/strong>: o <strong><a href=\"http:\/\/twitter.com\/alotenica\" target=\"_blank\" rel=\"noopener\">Al\u00f4 T\u00e9nica!<\/a>, um podcast sobre produ\u00e7\u00e3o de podcasts<\/strong>!<\/p>\n<p>Este novo podcast, apresentado por\u00a0<a style=\"font-weight: bold;\" href=\"http:\/\/twitter.com\/leoradiofobia\" target=\"_blank\" rel=\"noopener\">Leo Lopes<\/a>,\u00a0tem como objetivo atender ao pedido de muitos ouvintes e alunos do <strong><a href=\"http:\/\/leolop.es\/wsonline\" target=\"_blank\" rel=\"noopener\">Workshop de Produ\u00e7\u00e3o de Podcasts<\/a><\/strong> que entram em contato conosco via e-mail e atrav\u00e9s das redes sociais, pedindo ajuda para esclarecer as mais diversas d\u00favidas e perguntas relacionadas \u00e0 produ\u00e7\u00e3o de podcasts.<\/p>\n<p>Como \u00e9 bastante comum receber<strong> as mesmas perguntas de pessoas diferentes<\/strong>, e tendo em vista que <strong>o trabalho atual do Leo \u00e9 100% voltado para a produ\u00e7\u00e3o e edi\u00e7\u00e3o de podcasts<\/strong>, acreditamos que n\u00e3o haja nada mais conveniente do que criar uma <strong>nova atra\u00e7\u00e3o quinzenal, exclusivamente com essa finalidade<\/strong>!<\/p>\n<p>Esperamos que nosso novo podcast possa ajuda-lo a entender um pouco melhor os v\u00e1rios aspectos dessa m\u00eddia fascinante, e <strong>esperamos sinceramente receber seu feedback<\/strong> para que possamos melhorar e fazer um programa cada vez melhor pra voc\u00ea!<\/p>\n<p>Neste primeiro epis\u00f3dio, vamos abordar <strong>10 pontos que voc\u00ea deve levar em conta na hora de produzir o seu podcast<\/strong>. S\u00e3o eles:<\/p>\n<p><em>1. Falar sobre o que e de que maneira?<\/em><br \/>\n<em> 2. Fazer sozinho ou em equipe?<\/em><br \/>\n<em> 3. Periodicidade<\/em><br \/>\n<em> 4. Pauta<\/em><br \/>\n<em> 5. Hardware e software<\/em><br \/>\n<em> 6. Grava\u00e7\u00e3o \/ capta\u00e7\u00e3o do \u00e1udio<\/em><br \/>\n<em> 7. Edi\u00e7\u00e3o<\/em><br \/>\n<em> 8. Hospedagem<\/em><br \/>\n<em> 9. Publica\u00e7\u00e3o<\/em><br \/>\n<em> 10. Divulga\u00e7\u00e3o<\/em><\/p>\n<p><strong><span style=\"color: #990000;\">Interaja com o Al\u00f4 T\u00e9nica! nas redes sociais:<\/span><\/strong><br \/>\n&#8211; <a href=\"http:\/\/twitter.com\/alotenica\" target=\"_blank\" rel=\"noopener\">Siga o <strong>@alotenica<\/strong> no tuV\u00edtter<\/a><br \/>\n&#8211; <a href=\"http:\/\/twitter.com\/leoradiofobia\" target=\"_blank\" rel=\"noopener\">Siga o <strong>@leoradiofobia<\/strong> no tuV\u00edtter<\/a><br \/>\n&#8211; <a href=\"http:\/\/twitter.com\/radiofobia\" target=\"_blank\" rel=\"noopener\">Siga o <strong>@radiofobia<\/strong> no tuV\u00edtter<\/a><br \/>\n&#8211; <a href=\"https:\/\/www.facebook.com\/alotenica\" target=\"_blank\" rel=\"noopener\">Curta a p\u00e1gina do <strong>Al\u00f4 T\u00e9nica<\/strong> no Facebook<\/a><br \/>\n&#8211;\u00a0<a href=\"https:\/\/www.facebook.com\/radiofobiapodcast\" target=\"_blank\" rel=\"noopener\">Curta a p\u00e1gina do\u00a0<strong>RADIOFOBIA<\/strong>\u00a0no Facebook<\/a><br \/>\n&#8211;\u00a0<a href=\"https:\/\/www.facebook.com\/radiofobiapm\" target=\"_blank\" rel=\"noopener\">Curta a p\u00e1gina da\u00a0<strong>RADIOFOBIA Podcast e Multim\u00eddia<\/strong>\u00a0no Facebook<\/a><\/p>\n<p><strong><span style=\"color: #990000;\">Ouvintes que ajudaram a fazer este programa:<\/span><\/strong><br \/>\n<em>&#8211;\u00a0Anderson Pereira &#8211; Balne\u00e1rio Cambori\u00fa &#8211; SC<\/em><br \/>\n<em> &#8211; Luiz Roberto &#8211; Itajub\u00e1 &#8211; MG<\/em><\/p>\n<p><strong><span style=\"color: #990000;\">Links citados no programa:<\/span><\/strong><br \/>\n&#8211; <a href=\"http:\/\/www.podcastcafebrasil.com.br\/\" target=\"_blank\" rel=\"noopener\"><strong>Caf\u00e9 Brasil<\/strong>, com Luciano Pires<\/a><br \/>\n&#8211; <a href=\"http:\/\/leolop.es\/blubrrypowerpress\" target=\"_blank\" rel=\"noopener\">Blubrry PowerPress Podcast Plugin<\/a><br \/>\n&#8211; <a href=\"http:\/\/youtuner.co\/\" target=\"_blank\" rel=\"noopener\"><strong>YouTuner<\/strong> &#8211; Descubra, ou\u00e7a e compartilhe podcasts<\/a><br \/>\n&#8211; <a href=\"https:\/\/itunes.apple.com\/br\/app\/wecast-podcasts\/id521335484\" target=\"_blank\" rel=\"noopener\"><strong>WeCast<\/strong> &#8211; Ouvir podcast nunca mais ser\u00e1 igual<\/a><\/p>\n<p><strong><span style=\"color: #990000;\">Logo e identidade visual do Al\u00f4 T\u00e9nica!:<\/span><\/strong><br \/>\n&#8211; <a href=\"http:\/\/www.agfoco.com.br\" target=\"_blank\" rel=\"noopener\">Ag\u00eancia Foco<\/a><\/p>\n<p><strong><span style=\"color: #990000;\">Cr\u00e9ditos das m\u00fasicas usadas neste programa:<\/span><\/strong><br \/>\n<em>&#8211; Music by Dan-O at <a href=\"http:\/\/DanoSongs.com\" target=\"_blank\" rel=\"noopener\">DanoSongs.com<\/a><\/em><br \/>\n<em> &#8211; Music by Kevin MacLeod (<a href=\"http:\/\/incompetech.com\" target=\"_blank\" rel=\"noopener\">incompetech.com<\/a>) licensed under Creative Commons: By Attribution 3.0 &#8211; <a href=\"http:\/\/creativecommons.org\/licenses\/by\/3.0\/\" target=\"_blank\" rel=\"noopener\">http:\/\/creativecommons.org\/licenses\/by\/3.0\/<\/a><\/em><\/p>\n<p><strong><span style=\"color: #990000;\">Conhe\u00e7a o\u00a0CURSO DE PODCAST:<\/span><\/strong><br \/>\n&#8211; <a href=\"http:\/\/www.cursodepodcast.com.br\" target=\"_blank\" rel=\"noopener noreferrer\">Acesse <strong>www.cursodepodcast.com.br<\/strong><\/a><br \/>\n&#8211; <a href=\"https:\/\/twitter.com\/CursoDePodcast\" target=\"_blank\" rel=\"noopener noreferrer\">Siga o <strong>@cursodepodcast<\/strong> no tuV\u00edtter<\/a><br \/>\n&#8211; <a href=\"https:\/\/www.youtube.com\/user\/cursodepodcast\" target=\"_blank\" rel=\"noopener noreferrer\">Inscreva-se no canal do <strong>Curso de Podcast<\/strong> no YouTube<\/a><br \/>\n&#8211; <a href=\"https:\/\/www.facebook.com\/cursodepodcast\" target=\"_blank\" rel=\"noopener noreferrer\">Curta a p\u00e1gina do <strong>Curso de Podcast<\/strong> no Facebook<\/a><\/p>\n<p><span style=\"color: #990000;\"><strong>Ou\u00e7a o Al\u00f4 T\u00e9nica! nos principais agregadores:<\/strong><\/span><br \/>\n&#8211; <a href=\"https:\/\/leolop.es\/alotenica_spotify\" target=\"_blank\" rel=\"noopener noreferrer\">Spotify<\/a><br \/>\n&#8211; <a href=\"https:\/\/leolop.es\/alotenica_googlepod\" target=\"_blank\" rel=\"noopener noreferrer\">Google Podcasts<\/a><br \/>\n&#8211; <a href=\"https:\/\/leolop.es\/rfpn_itunes\" target=\"_blank\" rel=\"noopener\">Apple Podcasts<\/a><br \/>\n&#8211; <a href=\"http:\/\/leolop.es\/alotenica_amazon\" target=\"_blank\" rel=\"noopener\">Amazon Music<\/a><br \/>\n&#8211; <a href=\"https:\/\/pca.st\/b2lM\" target=\"_blank\" rel=\"noopener noreferrer\">PocketCasts<\/a><\/p>\n<p><span style=\"color: #990000;\"><strong>E-mails:<\/strong><\/span><br \/>\nAjude-nos a fazer o programa enviando sua <em>colabora\u00e7\u00e3o<\/em>, <em>d\u00favida<\/em> ou <em>sugest\u00e3o de pauta<\/em> para <a href=\"mailto:alotenica@radiofobia.com.br\" target=\"_blank\" rel=\"noopener noreferrer\"><strong>alotenica@radiofobia.com.br<\/strong><\/a>!<\/p>\n<p><span style=\"color: #990000;\"><strong>Publicidade:<\/strong><\/span><br \/>\n<a href=\"http:\/\/leolop.es\/rfcontato\" target=\"_blank\" rel=\"noopener noreferrer\"><strong>Entre em contato<\/strong><\/a> e saiba como <em>anunciar sua marca, produto ou servi\u00e7o em nossos podcasts<\/em>.<\/p>\n","protected":false},"excerpt":{"rendered":"<p>Neste primeiro epis\u00f3dio, vamos abordar 10 pontos que voc\u00ea deve levar em conta na hora de produzir o seu podcast.<\/p>\n","protected":false},"author":2,"featured_media":8208,"comment_status":"open","ping_status":"closed","sticky":false,"template":"","format":"standard","meta":{"footnotes":""},"categories":[358,13],"tags":[359,157,362,11,14,365,15,367],"class_list":["post-8207","post","type-post","status-publish","format-standard","has-post-thumbnail","hentry","category-cursodepodcast","category-podcast","tag-alo-tenica","tag-dicas","tag-edicao","tag-leo-lopes","tag-podcast","tag-producao","tag-radiofobia","tag-tutorial"],"_links":{"self":[{"href":"https:\/\/radiofobia.com.br\/podcast\/wp-json\/wp\/v2\/posts\/8207","targetHints":{"allow":["GET"]}}],"collection":[{"href":"https:\/\/radiofobia.com.br\/podcast\/wp-json\/wp\/v2\/posts"}],"about":[{"href":"https:\/\/radiofobia.com.br\/podcast\/wp-json\/wp\/v2\/types\/post"}],"author":[{"embeddable":true,"href":"https:\/\/radiofobia.com.br\/podcast\/wp-json\/wp\/v2\/users\/2"}],"replies":[{"embeddable":true,"href":"https:\/\/radiofobia.com.br\/podcast\/wp-json\/wp\/v2\/comments?post=8207"}],"version-history":[{"count":3,"href":"https:\/\/radiofobia.com.br\/podcast\/wp-json\/wp\/v2\/posts\/8207\/revisions"}],"predecessor-version":[{"id":26610,"href":"https:\/\/radiofobia.com.br\/podcast\/wp-json\/wp\/v2\/posts\/8207\/revisions\/26610"}],"wp:featuredmedia":[{"embeddable":true,"href":"https:\/\/radiofobia.com.br\/podcast\/wp-json\/wp\/v2\/media\/8208"}],"wp:attachment":[{"href":"https:\/\/radiofobia.com.br\/podcast\/wp-json\/wp\/v2\/media?parent=8207"}],"wp:term":[{"taxonomy":"category","embeddable":true,"href":"https:\/\/radiofobia.com.br\/podcast\/wp-json\/wp\/v2\/categories?post=8207"},{"taxonomy":"post_tag","embeddable":true,"href":"https:\/\/radiofobia.com.br\/podcast\/wp-json\/wp\/v2\/tags?post=8207"}],"curies":[{"name":"wp","href":"https:\/\/api.w.org\/{rel}","templated":true}]}}