{"id":8452,"date":"2014-01-27T10:00:54","date_gmt":"2014-01-27T12:00:54","guid":{"rendered":"http:\/\/radiofobia.com.br\/?p=8452"},"modified":"2022-03-24T15:27:20","modified_gmt":"2022-03-24T18:27:20","slug":"alo-tenica-04-escolhendo-o-ambiente-para-suas-gravacoes","status":"publish","type":"post","link":"https:\/\/radiofobia.com.br\/podcast\/2014\/01\/alo-tenica-04-escolhendo-o-ambiente-para-suas-gravacoes\/","title":{"rendered":"Al\u00f4 T\u00e9nica! #04 &#8211; Escolhendo o AMBIENTE para suas grava\u00e7\u00f5es"},"content":{"rendered":"<p><iframe title=\"Al\u00f4 T\u00e9nica! #04 \u2013 Escolhendo o AMBIENTE para suas grava\u00e7\u00f5es\" src=\"https:\/\/omny.fm\/shows\/alo-tenica\/al-t-nica-04-escolhendo-o-ambiente-para-suas-grava\/embed\" width=\"100%\" height=\"180\" frameborder=\"0\"><\/iframe><\/p>\n<p><em><strong>Sauda\u00e7\u00f5es, ouvinte entusiasta do podcast!<\/strong><\/em><\/p>\n<p>Acreditamos que voc\u00ea j\u00e1 conhe\u00e7a o novo projeto da <strong><a href=\"https:\/\/www.facebook.com\/radiofobiapm\" target=\"_blank\" rel=\"noopener\">R\u00e1diofobia Podcast e Multim\u00eddia<\/a><\/strong>: o <strong><a href=\"http:\/\/twitter.com\/alotenica\" target=\"_blank\" rel=\"noopener\">Al\u00f4 T\u00e9nica!<\/a>, um podcast sobre produ\u00e7\u00e3o de podcasts<\/strong>!<\/p>\n<p>Este novo podcast, apresentado por\u00a0<a style=\"font-weight: bold;\" href=\"http:\/\/twitter.com\/leoradiofobia\" target=\"_blank\" rel=\"noopener\">Leo Lopes<\/a>,\u00a0tem como objetivo atender ao pedido de muitos ouvintes e alunos do <strong><a href=\"http:\/\/leolop.es\/wsonline\" target=\"_blank\" rel=\"noopener\">Workshop de Produ\u00e7\u00e3o de Podcasts<\/a><\/strong> que entram em contato conosco via e-mail e atrav\u00e9s das redes sociais, pedindo ajuda para esclarecer as mais diversas d\u00favidas e perguntas relacionadas \u00e0 produ\u00e7\u00e3o de podcasts.<\/p>\n<p>Como \u00e9 bastante comum receber<strong> as mesmas perguntas de pessoas diferentes<\/strong>, e tendo em vista que <strong>o trabalho atual do Leo \u00e9 100% voltado para a produ\u00e7\u00e3o e edi\u00e7\u00e3o de podcasts<\/strong>, acreditamos que n\u00e3o haja nada mais conveniente do que criar uma <strong>nova atra\u00e7\u00e3o quinzenal, exclusivamente com essa finalidade<\/strong>!<\/p>\n<p>Esperamos que nosso novo podcast possa ajuda-lo a entender um pouco melhor os v\u00e1rios aspectos dessa m\u00eddia fascinante, e <strong>esperamos sinceramente receber seu feedback<\/strong> para que possamos melhorar e fazer um programa cada vez melhor pra voc\u00ea!<\/p>\n<p>No programa de hoje, falamos um pouco sobre <strong>como escolher o AMBIENTE para suas grava\u00e7\u00f5es<\/strong>, levando em conta que a maioria dos podcasters grava seus programas em casa ou em algum outro local compartilhado.<\/p>\n<p>Damos alguns exemplos de grava\u00e7\u00f5es feitas em ambientes barulhentos, e algumas dicas para que sua grava\u00e7\u00e3o fique livre de ru\u00eddos indesejados:<\/p>\n<p><em>1. Analise hora, local e circunst\u00e2ncia para a grava\u00e7\u00e3o<\/em><br \/>\n<em> 2. Escolha o microfone certo para o ambiente certo<\/em><br \/>\n<em> 3. N\u00e3o tenha medo de mandar parar e repetir quando achar que deve<\/em><br \/>\n<em> 4. Sons mais altos escondem sons mais baixos<\/em><br \/>\n<em> 5. Capriche na edi\u00e7\u00e3o<\/em><\/p>\n<p>Nas\u00a0<strong>PERGUNTAS DO OUVINTE<\/strong>, falamos sobre <strong>onde encontrar efeitos sonoros<\/strong> e <strong>como gravar em v\u00e1rias pistas no Skype<\/strong>!<\/p>\n<p><strong><span style=\"color: #990000;\">Atividades na #CPBR7:<\/span><\/strong><br \/>\n&#8211; <a href=\"http:\/\/leolop.es\/wscpbr7\" target=\"_blank\" rel=\"noopener\"><strong>Workshop &#8211; Hands-on &#8211; Editando o SEU melhor podcast do mundo!<\/strong> <em>(29\/01\/2014 das 10h30 \u00e0s 12h30)<\/em><\/a><br \/>\n&#8211; <a href=\"https:\/\/www.google.com\/calendar\/render?eid=bDI4dGk1c2pzdTZsOWJzdWFvdjB0anAzbmcgY2FtcHVzLXBhcnR5LmNvbS5icl9kdmFua2Nwc29vOWFwNDZqYWZ0bm1wbHM1Y0Bn&amp;ctz=America\/Sao_Paulo&amp;sf=true&amp;output=xml\" target=\"_blank\" rel=\"noopener\"><strong>Reflex\u00f5es sobre Podcast<\/strong> &#8211; debate com autores <em>(29\/01\/2014 das 17h \u00e0s 18h30)<\/em><\/a><\/p>\n<p><strong><span style=\"color: #990000;\">Interaja com o Al\u00f4 T\u00e9nica! nas redes sociais:<\/span><\/strong><br \/>\n&#8211; <a href=\"http:\/\/twitter.com\/alotenica\" target=\"_blank\" rel=\"noopener\">Siga o <strong>@alotenica<\/strong> no tuV\u00edtter<\/a><br \/>\n&#8211; <a href=\"http:\/\/twitter.com\/leoradiofobia\" target=\"_blank\" rel=\"noopener\">Siga o <strong>@leoradiofobia<\/strong> no tuV\u00edtter<\/a><br \/>\n&#8211; <a href=\"http:\/\/twitter.com\/radiofobia\" target=\"_blank\" rel=\"noopener\">Siga o <strong>@radiofobia<\/strong> no tuV\u00edtter<\/a><br \/>\n&#8211; <a href=\"https:\/\/www.facebook.com\/alotenica\" target=\"_blank\" rel=\"noopener\">Curta a p\u00e1gina do <strong>Al\u00f4 T\u00e9nica<\/strong> no Facebook<\/a><br \/>\n&#8211;\u00a0<a href=\"https:\/\/www.facebook.com\/radiofobiapodcast\" target=\"_blank\" rel=\"noopener\">Curta a p\u00e1gina do\u00a0<strong>RADIOFOBIA<\/strong>\u00a0no Facebook<\/a><br \/>\n&#8211;\u00a0<a href=\"https:\/\/www.facebook.com\/radiofobiapm\" target=\"_blank\" rel=\"noopener\">Curta a p\u00e1gina da\u00a0<strong>RADIOFOBIA Podcast e Multim\u00eddia<\/strong>\u00a0no Facebook<\/a><\/p>\n<p><strong><span style=\"color: #990000;\">Ouvintes que ajudaram a fazer este programa:<\/span><\/strong><br \/>\n<em>&#8211; Daniel Antonio Conte, 22 anos,\u00a0desenvolvedor web e entusiasta de podcasts, Ca\u00e7ador &#8211; SC<\/em><br \/>\n<em> &#8211; Ivan Brasil Fuzzer, 31 anos, analista de infraestrutura e redes, Erechim &#8211; RS<\/em><br \/>\n<em> &#8211; Vanderson Pessoa, 27 anos, Castanhal &#8211; PA<\/em><\/p>\n<p><strong><span style=\"color: #990000;\">Links citados no programa:<\/span><\/strong><br \/>\n&#8211; <a href=\"http:\/\/www.shure.com\/americas\/products\/microphones\/sm\/sm7b-vocal-microphone#details\" target=\"_blank\" rel=\"noopener\">Microfone SHURE SM7B<\/a><br \/>\n&#8211; Exemplos de revestimento ac\u00fastico: <a href=\"http:\/\/www.decorandoimoveis.com\/wp-content\/gallery\/isolamento-acustico-para-estudios\/isolamento-acustico-para-estudios-1.jpg\" target=\"_blank\" rel=\"noopener\">foto 01<\/a> \/ <a href=\"http:\/\/www.midihouse.com\/photogallery\/marssal\/marssal01g.jpg\" target=\"_blank\" rel=\"noopener\">foto 02<\/a> \/ <a href=\"http:\/\/www.bbc.co.uk\/coventry\/content\/images\/2007\/06\/28\/soundproof_470x470.jpg\" target=\"_blank\" rel=\"noopener\">foto 03<\/a><br \/>\n&#8211; <a href=\"http:\/\/www.zoom.co.jp\/english\/products\/h4n\/\" target=\"_blank\" rel=\"noopener\">Zoom H4n<\/a><br \/>\n&#8211; <a href=\"http:\/\/jovemnerd.com.br\/nerdcast\/nerdcast-342-audio-drama-t-zombii-a-gravacao-dos-mortos\/\" target=\"_blank\" rel=\"noopener\">Nerdcast 342 &#8211; Audio Drama &#8211; T-Zombii: a grava\u00e7\u00e3o dos mortos<\/a><br \/>\n&#8211; <a href=\"http:\/\/www.pond5.com\/pt\/\" target=\"_blank\" rel=\"noopener\">Pond 5<\/a><br \/>\n&#8211; <a href=\"http:\/\/www.partnersinrhyme.com\/pir\/PIRsfx.shtml\" target=\"_blank\" rel=\"noopener\">Partners in Rhyme &#8211; Royalty Free Music &amp; Sound Effects<\/a><br \/>\n&#8211; <a href=\"http:\/\/www.hongkiat.com\/blog\/55-great-websites-to-download-free-sound-effects\/\" target=\"_blank\" rel=\"noopener\">55 sites para download de efeitos sonoros<\/a><\/p>\n<p><strong><span style=\"color: #990000;\">Logo e identidade visual do Al\u00f4 T\u00e9nica!:<\/span><\/strong><br \/>\n&#8211; <a href=\"http:\/\/www.agfoco.com.br\" target=\"_blank\" rel=\"noopener\">Ag\u00eancia Foco<\/a><\/p>\n<p><strong><span style=\"color: #990000;\">Cr\u00e9ditos das m\u00fasicas usadas neste programa:<\/span><\/strong><br \/>\n<em>&#8211; Music by Dan-O at <a href=\"http:\/\/DanoSongs.com\" target=\"_blank\" rel=\"noopener\">DanoSongs.com<\/a><\/em><br \/>\n<em> &#8211; Music by Kevin MacLeod (<a href=\"http:\/\/incompetech.com\" target=\"_blank\" rel=\"noopener\">incompetech.com<\/a>) licensed under Creative Commons: By Attribution 3.0 &#8211; <a href=\"http:\/\/creativecommons.org\/licenses\/by\/3.0\/\" target=\"_blank\" rel=\"noopener\">http:\/\/creativecommons.org\/licenses\/by\/3.0\/<\/a><\/em><\/p>\n<p><strong><span style=\"color: #990000;\">Conhe\u00e7a o\u00a0CURSO DE PODCAST:<\/span><\/strong><br \/>\n&#8211; <a href=\"http:\/\/www.cursodepodcast.com.br\" target=\"_blank\" rel=\"noopener noreferrer\">Acesse <strong>www.cursodepodcast.com.br<\/strong><\/a><br \/>\n&#8211; <a href=\"https:\/\/twitter.com\/CursoDePodcast\" target=\"_blank\" rel=\"noopener noreferrer\">Siga o <strong>@cursodepodcast<\/strong> no tuV\u00edtter<\/a><br \/>\n&#8211; <a href=\"https:\/\/www.youtube.com\/user\/cursodepodcast\" target=\"_blank\" rel=\"noopener noreferrer\">Inscreva-se no canal do <strong>Curso de Podcast<\/strong> no YouTube<\/a><br \/>\n&#8211; <a href=\"https:\/\/www.facebook.com\/cursodepodcast\" target=\"_blank\" rel=\"noopener noreferrer\">Curta a p\u00e1gina do <strong>Curso de Podcast<\/strong> no Facebook<\/a><\/p>\n<p><span style=\"color: #990000;\"><strong>Ou\u00e7a o Al\u00f4 T\u00e9nica! nos principais agregadores:<\/strong><\/span><br \/>\n&#8211; <a href=\"https:\/\/leolop.es\/alotenica_spotify\" target=\"_blank\" rel=\"noopener noreferrer\">Spotify<\/a><br \/>\n&#8211; <a href=\"https:\/\/leolop.es\/alotenica_googlepod\" target=\"_blank\" rel=\"noopener noreferrer\">Google Podcasts<\/a><br \/>\n&#8211; <a href=\"https:\/\/leolop.es\/rfpn_itunes\" target=\"_blank\" rel=\"noopener\">Apple Podcasts<\/a><br \/>\n&#8211; <a href=\"http:\/\/leolop.es\/alotenica_amazon\" target=\"_blank\" rel=\"noopener\">Amazon Music<\/a><br \/>\n&#8211; <a href=\"https:\/\/pca.st\/b2lM\" target=\"_blank\" rel=\"noopener noreferrer\">PocketCasts<\/a><\/p>\n<p><span style=\"color: #990000;\"><strong>E-mails:<\/strong><\/span><br \/>\nAjude-nos a fazer o programa enviando sua <em>colabora\u00e7\u00e3o<\/em>, <em>d\u00favida<\/em> ou <em>sugest\u00e3o de pauta<\/em> para <a href=\"mailto:alotenica@radiofobia.com.br\" target=\"_blank\" rel=\"noopener noreferrer\"><strong>alotenica@radiofobia.com.br<\/strong><\/a>!<\/p>\n<p><span style=\"color: #990000;\"><strong>Publicidade:<\/strong><\/span><br \/>\n<a href=\"http:\/\/leolop.es\/rfcontato\" target=\"_blank\" rel=\"noopener noreferrer\"><strong>Entre em contato<\/strong><\/a> e saiba como <em>anunciar sua marca, produto ou servi\u00e7o em nossos podcasts<\/em>.<\/p>\n","protected":false},"excerpt":{"rendered":"<p>No programa de hoje, falamos um pouco sobre como escolher o melhor AMBIENTE para suas grava\u00e7\u00f5es!<\/p>\n","protected":false},"author":2,"featured_media":8453,"comment_status":"open","ping_status":"closed","sticky":false,"template":"","format":"standard","meta":{"footnotes":""},"categories":[358,13],"tags":[359,374,368,369,362,77,11,14,15,367,371],"class_list":["post-8452","post","type-post","status-publish","format-standard","has-post-thumbnail","hentry","category-cursodepodcast","category-podcast","tag-alo-tenica","tag-ambiente","tag-captacao","tag-duvidas","tag-edicao","tag-gravacao","tag-leo-lopes","tag-podcast","tag-radiofobia","tag-tutorial","tag-workshop"],"_links":{"self":[{"href":"https:\/\/radiofobia.com.br\/podcast\/wp-json\/wp\/v2\/posts\/8452","targetHints":{"allow":["GET"]}}],"collection":[{"href":"https:\/\/radiofobia.com.br\/podcast\/wp-json\/wp\/v2\/posts"}],"about":[{"href":"https:\/\/radiofobia.com.br\/podcast\/wp-json\/wp\/v2\/types\/post"}],"author":[{"embeddable":true,"href":"https:\/\/radiofobia.com.br\/podcast\/wp-json\/wp\/v2\/users\/2"}],"replies":[{"embeddable":true,"href":"https:\/\/radiofobia.com.br\/podcast\/wp-json\/wp\/v2\/comments?post=8452"}],"version-history":[{"count":3,"href":"https:\/\/radiofobia.com.br\/podcast\/wp-json\/wp\/v2\/posts\/8452\/revisions"}],"predecessor-version":[{"id":26616,"href":"https:\/\/radiofobia.com.br\/podcast\/wp-json\/wp\/v2\/posts\/8452\/revisions\/26616"}],"wp:featuredmedia":[{"embeddable":true,"href":"https:\/\/radiofobia.com.br\/podcast\/wp-json\/wp\/v2\/media\/8453"}],"wp:attachment":[{"href":"https:\/\/radiofobia.com.br\/podcast\/wp-json\/wp\/v2\/media?parent=8452"}],"wp:term":[{"taxonomy":"category","embeddable":true,"href":"https:\/\/radiofobia.com.br\/podcast\/wp-json\/wp\/v2\/categories?post=8452"},{"taxonomy":"post_tag","embeddable":true,"href":"https:\/\/radiofobia.com.br\/podcast\/wp-json\/wp\/v2\/tags?post=8452"}],"curies":[{"name":"wp","href":"https:\/\/api.w.org\/{rel}","templated":true}]}}