{"id":8504,"date":"2014-02-10T10:00:39","date_gmt":"2014-02-10T12:00:39","guid":{"rendered":"http:\/\/radiofobia.com.br\/?p=8504"},"modified":"2022-03-24T15:29:00","modified_gmt":"2022-03-24T18:29:00","slug":"alo-tenica-05-podpesquisa-2014","status":"publish","type":"post","link":"https:\/\/radiofobia.com.br\/podcast\/2014\/02\/alo-tenica-05-podpesquisa-2014\/","title":{"rendered":"Al\u00f4 T\u00e9nica! #05 &#8211; PodPesquisa 2014"},"content":{"rendered":"<p><iframe title=\"Al\u00f4 T\u00e9nica! #05 \u2013 PodPesquisa 2014\" src=\"https:\/\/omny.fm\/shows\/alo-tenica\/al-t-nica-05-podpesquisa-2014\/embed\" width=\"100%\" height=\"180\" frameborder=\"0\"><\/iframe><\/p>\n<p><em><strong>Sauda\u00e7\u00f5es, ouvinte entusiasta do podcast!<\/strong><\/em><\/p>\n<p>Acreditamos que voc\u00ea j\u00e1 conhe\u00e7a o novo projeto da <strong><a href=\"https:\/\/www.facebook.com\/radiofobiapm\" target=\"_blank\" rel=\"noopener\">R\u00e1diofobia Podcast e Multim\u00eddia<\/a><\/strong>: o <strong><a href=\"http:\/\/twitter.com\/alotenica\" target=\"_blank\" rel=\"noopener\">Al\u00f4 T\u00e9nica!<\/a>, um podcast sobre produ\u00e7\u00e3o de podcasts<\/strong>!<\/p>\n<p>Este novo podcast, apresentado por\u00a0<a style=\"font-weight: bold;\" href=\"http:\/\/twitter.com\/leoradiofobia\" target=\"_blank\" rel=\"noopener\">Leo Lopes<\/a>,\u00a0tem como objetivo atender ao pedido de muitos ouvintes e alunos do <strong><a href=\"http:\/\/leolop.es\/wsonline\" target=\"_blank\" rel=\"noopener\">Workshop de Produ\u00e7\u00e3o de Podcasts<\/a><\/strong> que entram em contato conosco via e-mail e atrav\u00e9s das redes sociais, pedindo ajuda para esclarecer as mais diversas d\u00favidas e perguntas relacionadas \u00e0 produ\u00e7\u00e3o de podcasts.<\/p>\n<p>Como \u00e9 bastante comum receber<strong> as mesmas perguntas de pessoas diferentes<\/strong>, e tendo em vista que <strong>o trabalho atual do Leo \u00e9 100% voltado para a produ\u00e7\u00e3o e edi\u00e7\u00e3o de podcasts<\/strong>, acreditamos que n\u00e3o haja nada mais conveniente do que criar uma <strong>nova atra\u00e7\u00e3o quinzenal, exclusivamente com essa finalidade<\/strong>!<\/p>\n<p>Esperamos que nosso novo podcast possa ajuda-lo a entender um pouco melhor os v\u00e1rios aspectos dessa m\u00eddia fascinante, e <strong>esperamos sinceramente receber seu feedback<\/strong> para que possamos melhorar e fazer um programa cada vez melhor pra voc\u00ea!<\/p>\n<p>No programa de hoje, nosso host recebe as ilustres visitas de <strong><a href=\"https:\/\/twitter.com\/eduardo_sales\/\" target=\"_blank\" rel=\"noopener\">Dudu Sales<\/a> <\/strong><em>(<a href=\"http:\/\/www.papodegordo.com.br\/\" target=\"_blank\" rel=\"noopener\">Papo de Gordo<\/a> \/ <a href=\"http:\/\/metacast.info\/\" target=\"_blank\" rel=\"noopener\">Metacast<\/a>)<\/em>, <strong><a href=\"https:\/\/twitter.com\/aerocast\/\" target=\"_blank\" rel=\"noopener\">Gabriel Toledano<\/a><\/strong> <em>(<a href=\"http:\/\/www.aerocast.com.br\/\" target=\"_blank\" rel=\"noopener\">Aerocast<\/a>)<\/em> e <strong><a href=\"http:\/\/twitter.com\/leoradiofobia\" target=\"_blank\" rel=\"noopener\">Ronaldo Ferreira<\/a><\/strong> <em>(<a href=\"http:\/\/racum.com\/\" target=\"_blank\" rel=\"noopener\">Racum Tecnologia<\/a>)<\/em>, para juntos esclarecerem tudo sobre a <strong><a href=\"http:\/\/podpesquisa.com.br\/\" target=\"_blank\" rel=\"noopener\">PodPesquisa 2014<\/a><\/strong>!<\/p>\n<p><strong><span style=\"color: #990000;\">Interaja com o Al\u00f4 T\u00e9nica! nas redes sociais:<\/span><\/strong><br \/>\n&#8211; <a href=\"http:\/\/twitter.com\/alotenica\" target=\"_blank\" rel=\"noopener\">Siga o <strong>@alotenica<\/strong> no tuV\u00edtter<\/a><br \/>\n&#8211; <a href=\"http:\/\/twitter.com\/leoradiofobia\" target=\"_blank\" rel=\"noopener\">Siga o <strong>@leoradiofobia<\/strong> no tuV\u00edtter<\/a><br \/>\n&#8211; <a href=\"http:\/\/twitter.com\/radiofobia\" target=\"_blank\" rel=\"noopener\">Siga o <strong>@radiofobia<\/strong> no tuV\u00edtter<\/a><br \/>\n&#8211; <a href=\"https:\/\/www.facebook.com\/alotenica\" target=\"_blank\" rel=\"noopener\">Curta a p\u00e1gina do <strong>Al\u00f4 T\u00e9nica<\/strong> no Facebook<\/a><br \/>\n&#8211;\u00a0<a href=\"https:\/\/www.facebook.com\/radiofobiapodcast\" target=\"_blank\" rel=\"noopener\">Curta a p\u00e1gina do\u00a0<strong>RADIOFOBIA<\/strong>\u00a0no Facebook<\/a><br \/>\n&#8211;\u00a0<a href=\"https:\/\/www.facebook.com\/radiofobiapm\" target=\"_blank\" rel=\"noopener\">Curta a p\u00e1gina da\u00a0<strong>RADIOFOBIA Podcast e Multim\u00eddia<\/strong>\u00a0no Facebook<\/a><\/p>\n<p><strong><span style=\"color: #990000;\">Participe da PodPesquisa at\u00e9 30\/04\/2014:<\/span><\/strong><br \/>\n<strong><a href=\"http:\/\/www.podpesquisa.com.br\" target=\"_blank\" rel=\"noopener\">www.podpesquisa.com.br<\/a><\/strong><\/p>\n<p><strong><span style=\"color: #990000;\">Links citados no programa:<\/span><\/strong><br \/>\n&#8211; <a href=\"http:\/\/metacast.info\/2009\/11\/metacast-34-especial-podpesquisa\/\" target=\"_blank\" rel=\"noopener\">MetaCast 34- Especial sobre a PodPesquisa 2009<\/a><br \/>\n&#8211; <a href=\"http:\/\/www.racum.com\/\" target=\"_blank\" rel=\"noopener\">Racum Tecnologia<\/a><\/p>\n<p><strong><span style=\"color: #990000;\">Logo e identidade visual do Al\u00f4 T\u00e9nica!:<\/span><\/strong><br \/>\n&#8211; <a href=\"http:\/\/www.agfoco.com.br\" target=\"_blank\" rel=\"noopener\">Ag\u00eancia Foco<\/a><\/p>\n<p><strong><span style=\"color: #990000;\">Cr\u00e9ditos das m\u00fasicas usadas neste programa:<\/span><\/strong><br \/>\n<em>&#8211; Music by Dan-O at <a href=\"http:\/\/DanoSongs.com\" target=\"_blank\" rel=\"noopener\">DanoSongs.com<\/a><\/em><br \/>\n<em> &#8211; Music by Kevin MacLeod (<a href=\"http:\/\/incompetech.com\" target=\"_blank\" rel=\"noopener\">incompetech.com<\/a>) licensed under Creative Commons: By Attribution 3.0 &#8211; <a href=\"http:\/\/creativecommons.org\/licenses\/by\/3.0\/\" target=\"_blank\" rel=\"noopener\">http:\/\/creativecommons.org\/licenses\/by\/3.0\/<\/a><\/em><\/p>\n<p><strong><span style=\"color: #990000;\">Conhe\u00e7a o\u00a0CURSO DE PODCAST:<\/span><\/strong><br \/>\n&#8211; <a href=\"http:\/\/www.cursodepodcast.com.br\" target=\"_blank\" rel=\"noopener noreferrer\">Acesse <strong>www.cursodepodcast.com.br<\/strong><\/a><br \/>\n&#8211; <a href=\"https:\/\/twitter.com\/CursoDePodcast\" target=\"_blank\" rel=\"noopener noreferrer\">Siga o <strong>@cursodepodcast<\/strong> no tuV\u00edtter<\/a><br \/>\n&#8211; <a href=\"https:\/\/www.youtube.com\/user\/cursodepodcast\" target=\"_blank\" rel=\"noopener noreferrer\">Inscreva-se no canal do <strong>Curso de Podcast<\/strong> no YouTube<\/a><br \/>\n&#8211; <a href=\"https:\/\/www.facebook.com\/cursodepodcast\" target=\"_blank\" rel=\"noopener noreferrer\">Curta a p\u00e1gina do <strong>Curso de Podcast<\/strong> no Facebook<\/a><\/p>\n<p><span style=\"color: #990000;\"><strong>Ou\u00e7a o Al\u00f4 T\u00e9nica! nos principais agregadores:<\/strong><\/span><br \/>\n&#8211; <a href=\"https:\/\/leolop.es\/alotenica_spotify\" target=\"_blank\" rel=\"noopener noreferrer\">Spotify<\/a><br \/>\n&#8211; <a href=\"https:\/\/leolop.es\/alotenica_googlepod\" target=\"_blank\" rel=\"noopener noreferrer\">Google Podcasts<\/a><br \/>\n&#8211; <a href=\"https:\/\/leolop.es\/rfpn_itunes\" target=\"_blank\" rel=\"noopener\">Apple Podcasts<\/a><br \/>\n&#8211; <a href=\"http:\/\/leolop.es\/alotenica_amazon\" target=\"_blank\" rel=\"noopener\">Amazon Music<\/a><br \/>\n&#8211; <a href=\"https:\/\/pca.st\/b2lM\" target=\"_blank\" rel=\"noopener noreferrer\">PocketCasts<\/a><\/p>\n<p><span style=\"color: #990000;\"><strong>E-mails:<\/strong><\/span><br \/>\nAjude-nos a fazer o programa enviando sua <em>colabora\u00e7\u00e3o<\/em>, <em>d\u00favida<\/em> ou <em>sugest\u00e3o de pauta<\/em> para <a href=\"mailto:alotenica@radiofobia.com.br\" target=\"_blank\" rel=\"noopener noreferrer\"><strong>alotenica@radiofobia.com.br<\/strong><\/a>!<\/p>\n<p><span style=\"color: #990000;\"><strong>Publicidade:<\/strong><\/span><br \/>\n<a href=\"http:\/\/leolop.es\/rfcontato\" target=\"_blank\" rel=\"noopener noreferrer\"><strong>Entre em contato<\/strong><\/a> e saiba como <em>anunciar sua marca, produto ou servi\u00e7o em nossos podcasts<\/em>.<\/p>\n","protected":false},"excerpt":{"rendered":"<p>Hoje no Al\u00f4 T\u00e9nica! Leo Lopes recebe as visitas de Dudu Sales, Gabriel Toledano e Ronaldo Ferreira, para juntos esclarecerem tudo sobre a PodPesquisa 2014!<\/p>\n","protected":false},"author":2,"featured_media":8507,"comment_status":"open","ping_status":"closed","sticky":false,"template":"","format":"standard","meta":{"footnotes":""},"categories":[358,13],"tags":[359,106,369,375,11,14,185,376,15,377,367,371],"class_list":["post-8504","post","type-post","status-publish","format-standard","has-post-thumbnail","hentry","category-cursodepodcast","category-podcast","tag-alo-tenica","tag-dudu-sales","tag-duvidas","tag-gabriel-toledano","tag-leo-lopes","tag-podcast","tag-podosfera","tag-podpesquisa","tag-radiofobia","tag-ronaldo-ferreira","tag-tutorial","tag-workshop"],"_links":{"self":[{"href":"https:\/\/radiofobia.com.br\/podcast\/wp-json\/wp\/v2\/posts\/8504","targetHints":{"allow":["GET"]}}],"collection":[{"href":"https:\/\/radiofobia.com.br\/podcast\/wp-json\/wp\/v2\/posts"}],"about":[{"href":"https:\/\/radiofobia.com.br\/podcast\/wp-json\/wp\/v2\/types\/post"}],"author":[{"embeddable":true,"href":"https:\/\/radiofobia.com.br\/podcast\/wp-json\/wp\/v2\/users\/2"}],"replies":[{"embeddable":true,"href":"https:\/\/radiofobia.com.br\/podcast\/wp-json\/wp\/v2\/comments?post=8504"}],"version-history":[{"count":3,"href":"https:\/\/radiofobia.com.br\/podcast\/wp-json\/wp\/v2\/posts\/8504\/revisions"}],"predecessor-version":[{"id":26618,"href":"https:\/\/radiofobia.com.br\/podcast\/wp-json\/wp\/v2\/posts\/8504\/revisions\/26618"}],"wp:featuredmedia":[{"embeddable":true,"href":"https:\/\/radiofobia.com.br\/podcast\/wp-json\/wp\/v2\/media\/8507"}],"wp:attachment":[{"href":"https:\/\/radiofobia.com.br\/podcast\/wp-json\/wp\/v2\/media?parent=8504"}],"wp:term":[{"taxonomy":"category","embeddable":true,"href":"https:\/\/radiofobia.com.br\/podcast\/wp-json\/wp\/v2\/categories?post=8504"},{"taxonomy":"post_tag","embeddable":true,"href":"https:\/\/radiofobia.com.br\/podcast\/wp-json\/wp\/v2\/tags?post=8504"}],"curies":[{"name":"wp","href":"https:\/\/api.w.org\/{rel}","templated":true}]}}