{"id":8568,"date":"2014-03-05T00:01:46","date_gmt":"2014-03-05T03:01:46","guid":{"rendered":"http:\/\/radiofobia.com.br\/?p=8568"},"modified":"2023-08-10T15:09:32","modified_gmt":"2023-08-10T18:09:32","slug":"radiofobia-133-especial-5-anos-eles-voltaram","status":"publish","type":"post","link":"https:\/\/radiofobia.com.br\/podcast\/2014\/03\/radiofobia-133-especial-5-anos-eles-voltaram\/","title":{"rendered":"RADIOFOBIA 133 &#8211; Especial 5 anos: ELES VOLTARAM!"},"content":{"rendered":"<p><iframe title=\"RADIOFOBIA 133 - Especial 5 anos: ELES VOLTARAM!\" src=\"https:\/\/omny.fm\/shows\/radiofobia-podcast\/radiofobia-133-especial-5-anos-eles-voltaram\/embed\" width=\"100%\" height=\"180\" frameborder=\"0\"><\/iframe><\/p>\n<p><em><strong>Sauda\u00e7\u00f5es radiofob\u00e9ticas, pequeno ouvinte desocupado-Lheeeeeees!<\/strong><\/em><\/p>\n<p>\u00c9 com orgulho nas nossa pequena teta que lhes apresentamos-lhes o <strong>pograma ESPECIAL DE 5 ANO NO AR<\/strong>!<\/p>\n<p>E para esse momento celebrativo, nosso gerente\u00a0<a style=\"font-weight: bold;\" href=\"http:\/\/twitter.com\/leoradiofobia\" target=\"_blank\" rel=\"noopener\">Leo Lopes<\/a>\u00a0chamou a <strong>velha guarda da mortadela<\/strong> e reuniu <strong>s\u00f3 os v\u00e9io<\/strong>: nosso <em>doutor jurisconsulto<\/em> <strong><a href=\"https:\/\/twitter.com\/DrQuessa\" target=\"_blank\" rel=\"noopener\">Quessa<\/a><\/strong>, o <em>integrante cometa Halley<\/em> <strong><a href=\"https:\/\/twitter.com\/marcoslauro\" target=\"_blank\" rel=\"noopener\">Marcos Lauro<\/a><\/strong> e <em>diretamente da criogenia para o mundo<\/em>, o <em>Mestre dos metres<\/em> <strong><a href=\"https:\/\/twitter.com\/olaurito\" target=\"_blank\" rel=\"noopener\">Laurito<\/a><\/strong>!<\/p>\n<p>Entre outras revela\u00e7\u00f5es, voc\u00ea vai descobrir <em>quem inspirou o personagem Poderoso Castiga do P\u00e2nico<\/em>, como surgiu a\u00a0<em>fama de Roquete Pinto<\/em>, quem fez <em>curso de braile com as monjas do Nepal e inseriu no But\u00e3o<\/em>, aprenda que <em>pai \u00a0\u00e9 quem cria, <\/em>entenda quem \u00e9<em> o grande culpado pela Copa no Brasil, <\/em>aprenda\u00a0onde fica <em>o astro chamado Laurito-120,<\/em>\u00a0saiba quem quase foi atropelado pelo Ovelha e conhe\u00e7a <em>alguns dos feitos do Laurito<\/em> nesses dois anos e meio em que esteve ausente do pograma!<\/p>\n<p>Prepare-se para <strong>2h do mais puro besteirol gratuito<\/strong>, relembrando os velhos tempos do R\u00e1diofobia moleque, em um pograma que tamb\u00e9m poderia ter o subt\u00edtulo <strong>&#8220;Laurito: esta \u00e9 a sua vida!&#8221;<\/strong>.<\/p>\n<p><strong><span style=\"color: #990000;\">Recadalhos, surubex e TICLIMs:<\/span><\/strong><br \/>\n&#8211; <strong><a href=\"http:\/\/marsupialeditora.com.br\/livros\/reflexoes-sobre-o-podcast\/\" target=\"_blank\" rel=\"noopener\">Reflex\u00f5es sobre o Podcast<\/a><\/strong><br \/>\n&#8211; <a href=\"http:\/\/leolop.es\/alotenicafeed\" target=\"_blank\" rel=\"noopener\">Assine o feed do <strong>Al\u00f4 T\u00e9nica!<\/strong><\/a><br \/>\n&#8211; <a href=\"http:\/\/leolop.es\/alotenicaitunes\" target=\"_blank\" rel=\"noopener\">Assine o <strong>Al\u00f4 T\u00e9nica!<\/strong> diretamente no seu iTunes<\/a><br \/>\n&#8211;\u00a0<a href=\"https:\/\/twitter.com\/radiofobia\" target=\"_blank\" rel=\"noopener\">Siga\u00a0<strong>@radiofobia<\/strong>\u00a0no tuV\u00edtter<\/a><br \/>\n&#8211;\u00a0<a href=\"https:\/\/www.facebook.com\/radiofobiapodcast\" target=\"_blank\" rel=\"noopener\">Curta a p\u00e1gina do\u00a0<strong>RADIOFOBIA<\/strong>\u00a0no Facebook<\/a><br \/>\n&#8211;\u00a0<a href=\"https:\/\/www.facebook.com\/radiofobiapm\" target=\"_blank\" rel=\"noopener\">Curta a p\u00e1gina da\u00a0<strong>RADIOFOBIA Podcast e Multim\u00eddia<\/strong>\u00a0no Facebook<\/a><br \/>\n&#8211; <a href=\"https:\/\/www.facebook.com\/alotenica\" target=\"_blank\" rel=\"noopener\">Curta a p\u00e1gina do <strong>Al\u00f4 T\u00e9nica!<\/strong> no Facebook<\/a><\/p>\n<p><strong><span style=\"color: #990000;\">Participe da PodPesquisa at\u00e9 30\/04\/2014:<\/span><\/strong><br \/>\n<strong><a href=\"http:\/\/www.podpesquisa.com.br\" target=\"_blank\" rel=\"noopener\">www.podpesquisa.com.br<\/a><\/strong><\/p>\n<p><strong><span style=\"color: #990000;\">Links citados no pograma-Lhes:<\/span><\/strong><br \/>\n&#8211; <a href=\"http:\/\/bit.ly\/rfobia1\" target=\"_blank\" rel=\"noopener\">RADIOFOBIA 01 &#8211; com Marcos Aguena, o Japa<\/a><br \/>\n&#8211; <a href=\"http:\/\/bit.ly\/rfobia15\" target=\"_blank\" rel=\"noopener\">RADIOFOBIA 15 &#8211; com Fabiano Cambota<\/a><\/p>\n<p><span style=\"color: #990000;\"><strong>iTunes:<\/strong><\/span><br \/>\nSe voc\u00ea tem o<strong> iTunes<\/strong> instalado no seu computador e quer assinar o nosso <em>feed<\/em>, <a href=\"itpc:\/\/feeds.feedburner.com\/radiofobia_itunes\" target=\"_blank\" rel=\"noopener\">clique aqui<\/a>!<\/p>\n<p><span style=\"color: #990000;\"><strong>E-mails:<\/strong><\/span><br \/>\n<em>F\u00f3debeques<\/em> dos pogramas ou simples <em>abrax <\/em>e <em>recadalhos<\/em> podem ser enviados para <a title=\"[GMCP] Compose a new mail to podcast@radiofobia.com.br\" href=\"mailto:podcast@radiofobia.com.br\" target=\"blank\" rel=\"noreferrer\">podcast@radiofobia.com.br<\/a>!<\/p>\n<p><span style=\"color: #990000;\"><strong>Contato:<\/strong><\/span><br \/>\nAtrav\u00e9s do nosso <a href=\"http:\/\/radiofobia.com.br\/contato\/\" target=\"_blank\" rel=\"noopener\">formul\u00e1rio de contato<\/a>, \u00e9 poss\u00edvel mandar uma mensagem pra gente se voc\u00ea:<\/p>\n<p><em>&#8211; canta, imita, desenha, compunheta ou imita a Gretchen, e acha que tem saco pra ser nosso colaborador;<\/em><br \/>\n<em> &#8211; quer que a sua mel\u00f3dia seja tocada no pograma;<\/em><br \/>\n<em> &#8211; t\u00e1 a fim de mandar alguma dica ou sugest\u00e3 pra melhorar o seu podcast preferido;<\/em><br \/>\n<em> &#8211; \u00e9 chato pra baralho e quer fazer uma reclama\u00e7\u00e3o;<\/em><br \/>\n<em> &#8211; tem um produto ou servi\u00e7o e quer a sua marca aliada a um pograma da mais alta gabard\u00e2ncia;<\/em><br \/>\n<em> &#8211; \u00e9 simplesmente um desocupado e quer mandar uma mensagem s\u00f3 pra encher lingui\u00e7a.<\/em><\/p>\n","protected":false},"excerpt":{"rendered":"<p>Para celebrar os 5 ANOS do nosso pograma, fizemos um R\u00e1diofobia de raiz s\u00f3 com a velha guarda: Leo Lopes, Quessa, Marcos Lauro e O MESTRE Laurito!<\/p>\n","protected":false},"author":2,"featured_media":8569,"comment_status":"open","ping_status":"closed","sticky":false,"template":"","format":"standard","meta":{"footnotes":""},"categories":[13,35],"tags":[868,869,101,28,11,53,14,33,15],"class_list":["post-8568","post","type-post","status-publish","format-standard","has-post-thumbnail","hentry","category-podcast","category-radiofobia","tag-5-anos","tag-besteirol","tag-especial","tag-laurito","tag-leo-lopes","tag-marcos-lauro","tag-podcast","tag-quessa","tag-radiofobia"],"_links":{"self":[{"href":"https:\/\/radiofobia.com.br\/podcast\/wp-json\/wp\/v2\/posts\/8568","targetHints":{"allow":["GET"]}}],"collection":[{"href":"https:\/\/radiofobia.com.br\/podcast\/wp-json\/wp\/v2\/posts"}],"about":[{"href":"https:\/\/radiofobia.com.br\/podcast\/wp-json\/wp\/v2\/types\/post"}],"author":[{"embeddable":true,"href":"https:\/\/radiofobia.com.br\/podcast\/wp-json\/wp\/v2\/users\/2"}],"replies":[{"embeddable":true,"href":"https:\/\/radiofobia.com.br\/podcast\/wp-json\/wp\/v2\/comments?post=8568"}],"version-history":[{"count":3,"href":"https:\/\/radiofobia.com.br\/podcast\/wp-json\/wp\/v2\/posts\/8568\/revisions"}],"predecessor-version":[{"id":28237,"href":"https:\/\/radiofobia.com.br\/podcast\/wp-json\/wp\/v2\/posts\/8568\/revisions\/28237"}],"wp:featuredmedia":[{"embeddable":true,"href":"https:\/\/radiofobia.com.br\/podcast\/wp-json\/wp\/v2\/media\/8569"}],"wp:attachment":[{"href":"https:\/\/radiofobia.com.br\/podcast\/wp-json\/wp\/v2\/media?parent=8568"}],"wp:term":[{"taxonomy":"category","embeddable":true,"href":"https:\/\/radiofobia.com.br\/podcast\/wp-json\/wp\/v2\/categories?post=8568"},{"taxonomy":"post_tag","embeddable":true,"href":"https:\/\/radiofobia.com.br\/podcast\/wp-json\/wp\/v2\/tags?post=8568"}],"curies":[{"name":"wp","href":"https:\/\/api.w.org\/{rel}","templated":true}]}}