{"id":8891,"date":"2014-05-19T10:01:11","date_gmt":"2014-05-19T13:01:11","guid":{"rendered":"http:\/\/radiofobia.com.br\/?p=8891"},"modified":"2022-03-24T15:41:36","modified_gmt":"2022-03-24T18:41:36","slug":"alo-tenica-12-analisando-a-podpesquisa-2014","status":"publish","type":"post","link":"https:\/\/radiofobia.com.br\/podcast\/2014\/05\/alo-tenica-12-analisando-a-podpesquisa-2014\/","title":{"rendered":"Al\u00f4 T\u00e9nica! #12 &#8211; Analisando a PodPesquisa 2014"},"content":{"rendered":"<p><iframe title=\"Al\u00f4 T\u00e9nica! #12 \u2013 Analisando a PodPesquisa 2014\" src=\"https:\/\/omny.fm\/shows\/alo-tenica\/al-t-nica-12-analisando-a-podpesquisa-2014\/embed\" width=\"100%\" height=\"180\" frameborder=\"0\"><\/iframe><\/p>\n<p>Est\u00e1 no ar mais um\u00a0<strong><a href=\"http:\/\/twitter.com\/alotenica\" target=\"_blank\" rel=\"noopener\">Al\u00f4 T\u00e9nica!<\/a><\/strong>, o seu\u00a0podcast sobre produ\u00e7\u00e3o de podcasts!<\/p>\n<p>Neste podcast apresentado por\u00a0<a style=\"font-weight: bold;\" href=\"http:\/\/twitter.com\/leoradiofobia\" target=\"_blank\" rel=\"noopener\">Leo Lopes<\/a>, ajudamos\u00a0a esclarecer as mais diversas d\u00favidas e perguntas relacionadas \u00e0 produ\u00e7\u00e3o de podcasts.<\/p>\n<p>Como \u00e9 bastante comum receber<strong> as mesmas perguntas de pessoas diferentes<\/strong>, e tendo em vista que <strong>o trabalho atual do Leo \u00e9 100% voltado para a produ\u00e7\u00e3o e edi\u00e7\u00e3o de podcasts<\/strong>, acreditamos que n\u00e3o haja nada mais conveniente do que criar uma <strong>nova atra\u00e7\u00e3o quinzenal, exclusivamente com essa finalidade<\/strong>!<\/p>\n<p>Esperamos com este podcast ajuda-lo a entender um pouco melhor os v\u00e1rios aspectos dessa m\u00eddia fascinante, e tamb\u00e9m\u00a0<strong>queremos receber seu feedback<\/strong> para que possamos melhorar e fazer um programa cada vez melhor pra voc\u00ea!<\/p>\n<p>No programa desta semana, cumprimos a promessa feita no <a href=\"http:\/\/leolop.es\/alotenica05\" target=\"_blank\" rel=\"noopener\"><strong>Al\u00f4 T\u00e9nica! #05<\/strong><\/a>, quando apresentamos a <a href=\"http:\/\/podpesquisa.com.br\/\" target=\"_blank\" rel=\"noopener\"><strong>PodPesquisa 2014<\/strong><\/a>, e trazemos at\u00e9 voc\u00ea uma <strong>primeira an\u00e1lise da pesquisa como um todo, com foco na sua import\u00e2ncia para a podosfera e para cada podcaster individualmente<\/strong>. Tamb\u00e9m damos nossas opini\u00f5es quanto ao <strong>alcance da pesquisa, dando dicas de como utilizar os dados para benef\u00edcio do seu podcast<\/strong>.<\/p>\n<p>Para isso, al\u00e9m da equipe realizadora da pesquisa formada por <a href=\"https:\/\/twitter.com\/leoradiofobia\" target=\"_blank\" rel=\"noopener\"><strong>Leo Lopes<\/strong><\/a>, <a href=\"https:\/\/twitter.com\/eduardo_sales\" target=\"_blank\" rel=\"noopener\"><strong>Dudu Sales<\/strong><\/a> <em>(<a href=\"http:\/\/papodegordo.com.br\/\" target=\"_blank\" rel=\"noopener\">Papo de Gordo<\/a> \/ <a href=\"http:\/\/metacast.info\/\" target=\"_blank\" rel=\"noopener\">Metacast<\/a>)<\/em>,\u00a0<a href=\"https:\/\/twitter.com\/aerocast\" target=\"_blank\" rel=\"noopener\"><strong>Gabriel Toledano<\/strong><\/a> <em>(<a href=\"http:\/\/aerocast.com.br\/\" target=\"_blank\" rel=\"noopener\">AeroCast<\/a>)<\/em> e <a href=\"https:\/\/twitter.com\/racum\" target=\"_blank\" rel=\"noopener\"><strong>Ronaldo &#8220;Racum&#8221; Ferreira<\/strong><\/a>,\u00a0convidamos tamb\u00e9m os amigos <a href=\"https:\/\/twitter.com\/passis\" target=\"_blank\" rel=\"noopener\"><strong>Pablo de Assis<\/strong><\/a> <em>(<a href=\"http:\/\/pablo.deassis.net.br\/\" target=\"_blank\" rel=\"noopener\">Site Oficial<\/a> \/ <a href=\"http:\/\/metacast.info\/\" target=\"_blank\" rel=\"noopener\">Metacast<\/a>)<\/em> e <a href=\"https:\/\/twitter.com\/lucianopires\" target=\"_blank\" rel=\"noopener\"><strong>Luciano Pires<\/strong><\/a> <em>(<a href=\"http:\/\/www.portalcafebrasil.com.br\/\" target=\"_blank\" rel=\"noopener\">Caf\u00e9 Brasil<\/a>)<\/em> para trazerem suas impress\u00f5es sobre a <a href=\"http:\/\/podpesquisa.com.br\/\" target=\"_blank\" rel=\"noopener\"><strong>PodPesquisa 2014<\/strong><\/a>.<\/p>\n<p>Os <strong>resultados consolidados<\/strong> ser\u00e3o apresentados e analisados por n\u00f3s muito breve, em um <strong>epis\u00f3dio que ir\u00e1 marcar o retorno do Metacast<\/strong>! Fique ligado nas redes sociais para saber quando for ao ar!<\/p>\n<p><center><iframe src=\"\/\/www.youtube.com\/embed\/jQnnwBNZFnE\" width=\"465\" height=\"262\" frameborder=\"0\"><\/iframe><\/center><center><\/center><strong><span style=\"color: #990000;\">Interaja com o Al\u00f4 T\u00e9nica! nas redes sociais:<\/span><\/strong><br \/>\n&#8211; <a href=\"http:\/\/twitter.com\/alotenica\" target=\"_blank\" rel=\"noopener\">Siga o <strong>@alotenica<\/strong> no tuV\u00edtter<\/a><br \/>\n&#8211; <a href=\"http:\/\/twitter.com\/leoradiofobia\" target=\"_blank\" rel=\"noopener\">Siga o <strong>@leoradiofobia<\/strong> no tuV\u00edtter<\/a><br \/>\n&#8211; <a href=\"http:\/\/twitter.com\/radiofobia\" target=\"_blank\" rel=\"noopener\">Siga o <strong>@radiofobia<\/strong> no tuV\u00edtter<\/a><br \/>\n&#8211; <a href=\"https:\/\/www.facebook.com\/alotenica\" target=\"_blank\" rel=\"noopener\">Curta a p\u00e1gina do <strong>Al\u00f4 T\u00e9nica<\/strong> no Facebook<\/a><br \/>\n&#8211;\u00a0<a href=\"https:\/\/www.facebook.com\/radiofobiapodcast\" target=\"_blank\" rel=\"noopener\">Curta a p\u00e1gina do\u00a0<strong>RADIOFOBIA<\/strong>\u00a0no Facebook<\/a><br \/>\n&#8211;\u00a0<a href=\"https:\/\/www.facebook.com\/radiofobiapm\" target=\"_blank\" rel=\"noopener\">Curta a p\u00e1gina da\u00a0<strong>RADIOFOBIA Podcast e Multim\u00eddia<\/strong>\u00a0no Facebook<\/a><\/p>\n<p><strong><span style=\"color: #990000;\">Reflex\u00f5es sobre o Podcast:<\/span><\/strong><br \/>\n&#8211; <a href=\"http:\/\/leolop.es\/reflexpodcast\" target=\"_blank\" rel=\"noopener\">Saiba como adquirir o livro f\u00edsico ou o e-book<\/a><\/p>\n<p><strong><span style=\"color: #990000;\">Links citados no programa:<\/span><\/strong><br \/>\n&#8211; <a href=\"http:\/\/www.blubrry.com\/\" target=\"_blank\" rel=\"noopener\">Conhe\u00e7a o <strong>Blubrry PowerPress<\/strong> e a <strong>Blubrry Hosting<\/strong><\/a><br \/>\n&#8211; <a href=\"http:\/\/leolop.es\/oficinaleorj\" target=\"_blank\" rel=\"noopener\"><strong>Ganhe R$20 <\/strong>na inscri\u00e7\u00e3o para a<strong> OFICINA DE EDI\u00c7\u00c3O dia 31\/05 no RJ <\/strong>com o cupom<strong> SOUAMIGODOLEO<\/strong><\/a><\/p>\n<p><strong><span style=\"color: #990000;\">Logo e identidade visual do Al\u00f4 T\u00e9nica!:<\/span><\/strong><br \/>\n&#8211; <a href=\"http:\/\/www.agfoco.com.br\" target=\"_blank\" rel=\"noopener\">Ag\u00eancia Foco<\/a><\/p>\n<p><strong><span style=\"color: #990000;\">Cr\u00e9ditos das m\u00fasicas usadas neste programa:<\/span><\/strong><br \/>\n<em>&#8211; Music by Dan-O at <a href=\"http:\/\/DanoSongs.com\" target=\"_blank\" rel=\"noopener\">DanoSongs.com<\/a><\/em><br \/>\n<em> &#8211; Music by Kevin MacLeod (<a href=\"http:\/\/incompetech.com\" target=\"_blank\" rel=\"noopener\">incompetech.com<\/a>) licensed under Creative Commons: By Attribution 3.0 &#8211; <a href=\"http:\/\/creativecommons.org\/licenses\/by\/3.0\/\" target=\"_blank\" rel=\"noopener\">http:\/\/creativecommons.org\/licenses\/by\/3.0\/<\/a><\/em><\/p>\n<p><strong><span style=\"color: #990000;\">Conhe\u00e7a o\u00a0CURSO DE PODCAST:<\/span><\/strong><br \/>\n&#8211; <a href=\"http:\/\/www.cursodepodcast.com.br\" target=\"_blank\" rel=\"noopener noreferrer\">Acesse <strong>www.cursodepodcast.com.br<\/strong><\/a><br \/>\n&#8211; <a href=\"https:\/\/twitter.com\/CursoDePodcast\" target=\"_blank\" rel=\"noopener noreferrer\">Siga o <strong>@cursodepodcast<\/strong> no tuV\u00edtter<\/a><br \/>\n&#8211; <a href=\"https:\/\/www.youtube.com\/user\/cursodepodcast\" target=\"_blank\" rel=\"noopener noreferrer\">Inscreva-se no canal do <strong>Curso de Podcast<\/strong> no YouTube<\/a><br \/>\n&#8211; <a href=\"https:\/\/www.facebook.com\/cursodepodcast\" target=\"_blank\" rel=\"noopener noreferrer\">Curta a p\u00e1gina do <strong>Curso de Podcast<\/strong> no Facebook<\/a><\/p>\n<p><span style=\"color: #990000;\"><strong>Ou\u00e7a o Al\u00f4 T\u00e9nica! nos principais agregadores:<\/strong><\/span><br \/>\n&#8211; <a href=\"https:\/\/leolop.es\/alotenica_spotify\" target=\"_blank\" rel=\"noopener noreferrer\">Spotify<\/a><br \/>\n&#8211; <a href=\"https:\/\/leolop.es\/alotenica_googlepod\" target=\"_blank\" rel=\"noopener noreferrer\">Google Podcasts<\/a><br \/>\n&#8211; <a href=\"https:\/\/leolop.es\/rfpn_itunes\" target=\"_blank\" rel=\"noopener\">Apple Podcasts<\/a><br \/>\n&#8211; <a href=\"http:\/\/leolop.es\/alotenica_amazon\" target=\"_blank\" rel=\"noopener\">Amazon Music<\/a><br \/>\n&#8211; <a href=\"https:\/\/pca.st\/b2lM\" target=\"_blank\" rel=\"noopener noreferrer\">PocketCasts<\/a><\/p>\n<p><span style=\"color: #990000;\"><strong>E-mails:<\/strong><\/span><br \/>\nAjude-nos a fazer o programa enviando sua <em>colabora\u00e7\u00e3o<\/em>, <em>d\u00favida<\/em> ou <em>sugest\u00e3o de pauta<\/em> para <a href=\"mailto:alotenica@radiofobia.com.br\" target=\"_blank\" rel=\"noopener noreferrer\"><strong>alotenica@radiofobia.com.br<\/strong><\/a>!<\/p>\n<p><span style=\"color: #990000;\"><strong>Publicidade:<\/strong><\/span><br \/>\n<a href=\"http:\/\/leolop.es\/rfcontato\" target=\"_blank\" rel=\"noopener noreferrer\"><strong>Entre em contato<\/strong><\/a> e saiba como <em>anunciar sua marca, produto ou servi\u00e7o em nossos podcasts<\/em>.<\/p>\n","protected":false},"excerpt":{"rendered":"<p>No programa de hoje, Leo Lopes e convidados fazem uma primeira an\u00e1lise da import\u00e2ncia, do alcance e das formas poss\u00edveis de utilizar na pr\u00e1tica os resultados da PodPesquisa 2014!<\/p>\n","protected":false},"author":2,"featured_media":12898,"comment_status":"open","ping_status":"closed","sticky":false,"template":"","format":"standard","meta":{"footnotes":""},"categories":[358,13],"tags":[359,106,375,11,165,382,14,376,15,377],"class_list":["post-8891","post","type-post","status-publish","format-standard","has-post-thumbnail","hentry","category-cursodepodcast","category-podcast","tag-alo-tenica","tag-dudu-sales","tag-gabriel-toledano","tag-leo-lopes","tag-luciano-pires","tag-pablo-de-assis","tag-podcast","tag-podpesquisa","tag-radiofobia","tag-ronaldo-ferreira"],"_links":{"self":[{"href":"https:\/\/radiofobia.com.br\/podcast\/wp-json\/wp\/v2\/posts\/8891","targetHints":{"allow":["GET"]}}],"collection":[{"href":"https:\/\/radiofobia.com.br\/podcast\/wp-json\/wp\/v2\/posts"}],"about":[{"href":"https:\/\/radiofobia.com.br\/podcast\/wp-json\/wp\/v2\/types\/post"}],"author":[{"embeddable":true,"href":"https:\/\/radiofobia.com.br\/podcast\/wp-json\/wp\/v2\/users\/2"}],"replies":[{"embeddable":true,"href":"https:\/\/radiofobia.com.br\/podcast\/wp-json\/wp\/v2\/comments?post=8891"}],"version-history":[{"count":3,"href":"https:\/\/radiofobia.com.br\/podcast\/wp-json\/wp\/v2\/posts\/8891\/revisions"}],"predecessor-version":[{"id":26631,"href":"https:\/\/radiofobia.com.br\/podcast\/wp-json\/wp\/v2\/posts\/8891\/revisions\/26631"}],"wp:featuredmedia":[{"embeddable":true,"href":"https:\/\/radiofobia.com.br\/podcast\/wp-json\/wp\/v2\/media\/12898"}],"wp:attachment":[{"href":"https:\/\/radiofobia.com.br\/podcast\/wp-json\/wp\/v2\/media?parent=8891"}],"wp:term":[{"taxonomy":"category","embeddable":true,"href":"https:\/\/radiofobia.com.br\/podcast\/wp-json\/wp\/v2\/categories?post=8891"},{"taxonomy":"post_tag","embeddable":true,"href":"https:\/\/radiofobia.com.br\/podcast\/wp-json\/wp\/v2\/tags?post=8891"}],"curies":[{"name":"wp","href":"https:\/\/api.w.org\/{rel}","templated":true}]}}