{"id":9079,"date":"2014-07-02T00:01:37","date_gmt":"2014-07-02T03:01:37","guid":{"rendered":"http:\/\/radiofobia.com.br\/?p=9079"},"modified":"2022-03-14T17:24:29","modified_gmt":"2022-03-14T20:24:29","slug":"radiofobia-almir-marques-entrevista-21-marco-antonio-abreu","status":"publish","type":"post","link":"https:\/\/radiofobia.com.br\/podcast\/2014\/07\/radiofobia-almir-marques-entrevista-21-marco-antonio-abreu\/","title":{"rendered":"RADIOFOBIA &#8211; Almir Marques Entrevista #21 &#8211; Marco Antonio Abreu"},"content":{"rendered":"<p><iframe title=\"RADIOFOBIA \u2013 Almir Marques Entrevista #21 \u2013 Marco Antonio Abreu\" src=\"https:\/\/omny.fm\/shows\/radiofobia-podcast\/radiofobia-almir-marques-entrevista-21-marco-anton\/embed\" width=\"100%\" height=\"180\" frameborder=\"0\"><\/iframe><\/p>\n<p><em><strong>Sauda\u00e7\u00f5es, querido ouvinte!<\/strong><\/em><\/p>\n<p>Estamos de volta com nosso acervo &#8220;<strong><a href=\"https:\/\/twitter.com\/almirmarx\" target=\"_blank\" rel=\"noopener\">Almir Marques<\/a>\u00a0Entrevista&#8221;<\/strong>, trazendo um papo transmitido ao vivo pela ondas da\u00a0<strong><a href=\"http:\/\/www.radiofm93.com.br\/#!\/home\" target=\"_blank\" rel=\"noopener\">93 FM de Rio do Sul, Santa Catarina<\/a><\/strong>\u00a0, fruto do trabalho do nosso amigo apaixonado por dublagem, o radialista <strong><a href=\"http:\/\/twitter.com\/almirmarx\" target=\"_blank\" rel=\"noopener\">Almir Marques<\/a><\/strong>!<\/p>\n<p>No arquivo deste m\u00eas, trazemos um \u00e1udio gravado em <strong>2002<\/strong> com o ator e locutor paulista <strong><a href=\"https:\/\/www.facebook.com\/titio.marcoantonio.3?fref=ts\" target=\"_blank\" rel=\"noopener\">Marco Antonio Abreu<\/a>, o Titio Marco Antonio<\/strong>!<\/p>\n<p>Na \u00e9poca dessa conversa, o Marco ainda tinha pouco mais de 4 anos de carreira como dublador, mas j\u00e1 contava com uma vasta experi\u00eancia como instrutor e radialista. Bastante conhecido em S\u00e3o Paulo por sua passagem pela <a href=\"https:\/\/www.facebook.com\/radiokissfm\" target=\"_blank\" rel=\"noopener\">Kiss FM<\/a>, Marco tamb\u00e9m \u00e9 conhecido pela dublagem do<em> Patrick (Bob Esponja)<\/em>, entre outros personagens,<\/p>\n<p>Aumente o volume e curta mais essa entrevista exclusiva em nosso acervo\u00a0<strong>&#8220;Almir Marques Entrevista&#8221;<\/strong>!<\/p>\n<p><center><iframe src=\"\/\/www.youtube.com\/embed\/jQnnwBNZFnE\" width=\"465\" height=\"262\" frameborder=\"0\"><\/iframe><\/center><center><\/center>&nbsp;<\/p>\n<p><strong style=\"color: #990000;\">Acompanhe as atividades do RADIOFOBIA:<\/strong><br \/>\n&#8211; <a href=\"http:\/\/leolop.es\/alotenicafeed\" target=\"_blank\" rel=\"noopener\">Assine o feed do <strong>Al\u00f4 T\u00e9nica!<\/strong><\/a><br \/>\n&#8211; <a href=\"http:\/\/leolop.es\/alotenicaitunes\" target=\"_blank\" rel=\"noopener\">Assine o <strong>Al\u00f4 T\u00e9nica!<\/strong> diretamente no seu iTunes<\/a><br \/>\n&#8211;\u00a0<a href=\"https:\/\/twitter.com\/radiofobia\" target=\"_blank\" rel=\"noopener\">Siga\u00a0<strong>@radiofobia<\/strong>\u00a0no tuV\u00edtter<\/a><br \/>\n&#8211;\u00a0<a href=\"https:\/\/www.facebook.com\/radiofobiapodcast\" target=\"_blank\" rel=\"noopener\">Curta a p\u00e1gina do\u00a0<strong>RADIOFOBIA<\/strong>\u00a0no Facebook<\/a><br \/>\n&#8211;\u00a0<a href=\"https:\/\/www.facebook.com\/radiofobiapm\" target=\"_blank\" rel=\"noopener\">Curta a p\u00e1gina da\u00a0<strong>RADIOFOBIA Podcast e Multim\u00eddia<\/strong>\u00a0no Facebook<\/a><br \/>\n&#8211; <a href=\"https:\/\/www.facebook.com\/alotenica\" target=\"_blank\" rel=\"noopener\">Curta a p\u00e1gina do <strong>Al\u00f4 T\u00e9nica!<\/strong> no Facebook<\/a><\/p>\n<p><strong style=\"color: #990000;\">E-mails:<\/strong><br \/>\n<em>F\u00f3debeques<\/em> dos pogramas ou simples <em>abrax <\/em>e <em>recadalhos<\/em> podem ser enviados para <a title=\"[GMCP] Compose a new mail to podcast@radiofobia.com.br\" href=\"mailto:podcast@radiofobia.com.br\" target=\"blank\" rel=\"noreferrer\">podcast@radiofobia.com.br<\/a>!<\/p>\n<p><span style=\"color: #990000;\"><strong>Ou\u00e7a o R\u00e1diofobia Podcast nos principais agregadores:<\/strong><\/span><br \/>\n&#8211; <strong><a href=\"https:\/\/leolop.es\/rfobia_spotify\" target=\"_blank\" rel=\"noopener noreferrer\">Spotify<\/a><\/strong><br \/>\n&#8211; <strong><a href=\"https:\/\/leolop.es\/rfobia_googlepod\" target=\"_blank\" rel=\"noopener noreferrer\">Google Podcasts<\/a><\/strong><br \/>\n&#8211; <strong><a href=\"https:\/\/http:\/\/leolop.es\/rfitunes\" target=\"_blank\" rel=\"noopener noreferrer\">Apple Podcasts<\/a><\/strong><br \/>\n&#8211; <strong><a href=\"http:\/\/leolop.es\/rfobia_amazon\" target=\"_blank\" rel=\"noopener\">Amazon Music<\/a><\/strong><br \/>\n&#8211; <strong><a href=\"https:\/\/pca.st\/V12f\" target=\"_blank\" rel=\"noopener noreferrer\">PocketCasts<\/a><\/strong><\/p>\n<p><span style=\"color: #990000;\"><strong>Publicidade:<\/strong><\/span><br \/>\n<a href=\"http:\/\/leolop.es\/rfcontato\" target=\"_blank\" rel=\"noopener noreferrer\"><strong>Entre em contato<\/strong><\/a> e saiba como <em>anunciar sua marca, produto ou servi\u00e7o em nossos podcasts<\/em>.<\/p>\n","protected":false},"excerpt":{"rendered":"<p>No arquivo deste m\u00eas, um papo gravado em 2002 com o ator e locutor Marco Antonio Abreu, o Titio Marco Antonio!<\/p>\n","protected":false},"author":2,"featured_media":13211,"comment_status":"open","ping_status":"closed","sticky":false,"template":"","format":"standard","meta":{"footnotes":""},"categories":[911,73,86,13],"tags":[789,261,694,81,886,665,14,15],"class_list":["post-9079","post","type-post","status-publish","format-standard","has-post-thumbnail","hentry","category-almir-marques","category-dublagem","category-o-coracao-da-voz","category-podcast","tag-almir-marques","tag-arquivo","tag-dubladores-2","tag-dublagem","tag-marco-antonio-abreu","tag-o-coracao-da-voz","tag-podcast","tag-radiofobia"],"_links":{"self":[{"href":"https:\/\/radiofobia.com.br\/podcast\/wp-json\/wp\/v2\/posts\/9079","targetHints":{"allow":["GET"]}}],"collection":[{"href":"https:\/\/radiofobia.com.br\/podcast\/wp-json\/wp\/v2\/posts"}],"about":[{"href":"https:\/\/radiofobia.com.br\/podcast\/wp-json\/wp\/v2\/types\/post"}],"author":[{"embeddable":true,"href":"https:\/\/radiofobia.com.br\/podcast\/wp-json\/wp\/v2\/users\/2"}],"replies":[{"embeddable":true,"href":"https:\/\/radiofobia.com.br\/podcast\/wp-json\/wp\/v2\/comments?post=9079"}],"version-history":[{"count":4,"href":"https:\/\/radiofobia.com.br\/podcast\/wp-json\/wp\/v2\/posts\/9079\/revisions"}],"predecessor-version":[{"id":26056,"href":"https:\/\/radiofobia.com.br\/podcast\/wp-json\/wp\/v2\/posts\/9079\/revisions\/26056"}],"wp:featuredmedia":[{"embeddable":true,"href":"https:\/\/radiofobia.com.br\/podcast\/wp-json\/wp\/v2\/media\/13211"}],"wp:attachment":[{"href":"https:\/\/radiofobia.com.br\/podcast\/wp-json\/wp\/v2\/media?parent=9079"}],"wp:term":[{"taxonomy":"category","embeddable":true,"href":"https:\/\/radiofobia.com.br\/podcast\/wp-json\/wp\/v2\/categories?post=9079"},{"taxonomy":"post_tag","embeddable":true,"href":"https:\/\/radiofobia.com.br\/podcast\/wp-json\/wp\/v2\/tags?post=9079"}],"curies":[{"name":"wp","href":"https:\/\/api.w.org\/{rel}","templated":true}]}}