{"id":91,"date":"2010-03-26T00:01:00","date_gmt":"2010-03-26T03:01:00","guid":{"rendered":"http:\/\/radiofobia.com.br\/novosite\/?p=90"},"modified":"2022-03-09T20:27:45","modified_gmt":"2022-03-09T23:27:45","slug":"radiofobia-26-um-namorado-para-lu-negrette","status":"publish","type":"post","link":"https:\/\/radiofobia.com.br\/podcast\/2010\/03\/radiofobia-26-um-namorado-para-lu-negrette\/","title":{"rendered":"RADIOFOBIA 26 &#8211; um namorado para Lu Negrette"},"content":{"rendered":"<p><iframe title=\"RADIOFOBIA 26 \u2013 um namorado para Lu Negrette\" src=\"https:\/\/omny.fm\/shows\/radiofobia-podcast\/radiofobia-26-um-namorado-para-lu-negrette\/embed\" width=\"100%\" height=\"180\" frameborder=\"0\"><\/iframe><br \/>\n<em><strong>L\u00f3\u00f3\u00f3\u00f3v s\u00f4ngs \u00e1r b\u00e9\u00e9\u00e9\u00e9 cagu\u00ea\u00ea\u00ea\u00ea\u00ea\u00eaiii&#8230;<\/strong><\/em><\/p>\n<p>Ol\u00e1, pequeno ouvinte desocupado! Bem vindo ao rom\u00e2ntico <span style=\"color: #990000;\"><span style=\"font-weight: bold;\">RADIOFOBIA 26<\/span><\/span>!<\/p>\n<p>Atendendo a um pedido desesperado de ajuda da nossa querida <a href=\"http:\/\/twitter.com\/lunegrette\" target=\"blank\">Lu Negrette<\/a>, no pograma de hoje <a href=\"http:\/\/twitter.com\/radiofobia\" target=\"blank\">Leo Lopes<\/a>, <a href=\"http:\/\/twitter.com\/_quessa_\" target=\"blank\">Quessa<\/a> e <a href=\"http:\/\/twitter.com\/marcoslauro\" target=\"blank\">Marcos Lauro<\/a> prepararam um clima de <em>amor<\/em>, de <em>romance<\/em>, de <em>s\u00e9cho<\/em>, na tentativa de <strong>arrumar um namorado<\/strong> para a jovem manceba!<\/p>\n<p>Assim, fizemos uma especial <strong>sele\u00e7\u00e3o de mel\u00f3dias mela-cueca<\/strong>, afinamos a <strong>voz de pastor er\u00f3tico<\/strong>, lustramos a <strong>vara de pole dance<\/strong> e resgatamos <strong>as vinheta de <em>Love Songs<\/em> da saudosa R\u00e1dio Cidade<\/strong>, tudo na tentativa de criar um clima de amor. Rolou at\u00e9 a <strong>tradu\u00e7\u00e3o especial de uma m\u00fasica em japon\u00eas<\/strong>&#8230;<\/p>\n<p>Pretendentes, <a href=\"http:\/\/twitter.com\/lunegrette\" target=\"blank\">entrem em contato com a Lu Negrette atrav\u00e9s do Twitter<\/a>!<\/p>\n<div><span style=\"color: #990000;\"><strong>Na sele\u00e7\u00e3o de mel\u00f3dias de hoje voc\u00ea vai ouvir:<\/strong><\/span><\/div>\n<p>&#8211; <strong>Briam Adams<\/strong> &#8211; <em>Have you ever really loved a woman?<\/em><br \/>\n&#8211; <strong>Roxette<\/strong> &#8211; <em>Listen to your heart<\/em><br \/>\n&#8211; <strong>Michael Bolton<\/strong> &#8211; <em>How am I supposed to live without you?<\/em><br \/>\n&#8211; <strong>Alejandro Sanz<\/strong> &#8211; <em>Coraz\u00f3n partio<\/em><br \/>\n&#8211; <strong>Michael Jackson<\/strong> &#8211; <em>Got to be there (ou O Gato e o Bid\u00ea)<\/em><\/p>\n<div><span style=\"color: #990000;\"><strong>B\u00f4nus:<\/strong><\/span><\/div>\n<p>&#8211; <a href=\"http:\/\/www.youtube.com\/watch?v=_d4ldZAWscU\" target=\"blank\"><strong>Missora Hibari<\/strong> &#8211; <em>Love is Over (ou, Lave os Ovo)<\/em><\/a><br \/>\n&#8211; <a href=\"http:\/\/www.radiofobia.com.br\/images\/laurito_cupido.jpg\" target=\"blank\"><strong>Laurito, o cupido<\/strong> <em>(desenhado pelo Quessa)<\/em><\/a><\/p>\n<p><span style=\"color: #990000;\"><strong>Ou\u00e7a o R\u00e1diofobia Podcast nos principais agregadores:<\/strong><\/span><br \/>\n&#8211; <strong><a href=\"https:\/\/leolop.es\/rfobia_spotify\" target=\"_blank\" rel=\"noopener noreferrer\">Spotify<\/a><\/strong><br \/>\n&#8211; <strong><a href=\"https:\/\/leolop.es\/rfobia_googlepod\" target=\"_blank\" rel=\"noopener noreferrer\">Google Podcasts<\/a><\/strong><br \/>\n&#8211; <strong><a href=\"https:\/\/http:\/\/leolop.es\/rfitunes\" target=\"_blank\" rel=\"noopener noreferrer\">Apple Podcasts<\/a><\/strong><br \/>\n&#8211; <strong><a href=\"http:\/\/leolop.es\/rfobia_amazon\" target=\"_blank\" rel=\"noopener\">Amazon Music<\/a><\/strong><br \/>\n&#8211; <strong><a href=\"https:\/\/pca.st\/V12f\" target=\"_blank\" rel=\"noopener noreferrer\">PocketCasts<\/a><\/strong><\/p>\n<p><span style=\"color: #990000;\"><strong>Publicidade:<\/strong><\/span><br \/>\n<a href=\"http:\/\/leolop.es\/rfcontato\" target=\"_blank\" rel=\"noopener noreferrer\"><strong>Entre em contato<\/strong><\/a> e saiba como <em>anunciar sua marca, produto ou servi\u00e7o em nossos podcasts<\/em>.<\/p>\n","protected":false},"excerpt":{"rendered":"<p>O amor est\u00e1 no ar! Hoje caprichamos no clima rom\u00e2ntico, pra ver se assim assim a Lu Negrette consegue arrumar um namorado.<\/p>\n","protected":false},"author":2,"featured_media":180,"comment_status":"open","ping_status":"closed","sticky":false,"template":"","format":"standard","meta":{"footnotes":""},"categories":[13,35],"tags":[2,11,96,53,33,15,91],"class_list":["post-91","post","type-post","status-publish","format-standard","has-post-thumbnail","hentry","category-podcast","category-radiofobia","tag-humor","tag-leo-lopes","tag-lu-negrette","tag-marcos-lauro","tag-quessa","tag-radiofobia","tag-sem-edicao"],"_links":{"self":[{"href":"https:\/\/radiofobia.com.br\/podcast\/wp-json\/wp\/v2\/posts\/91","targetHints":{"allow":["GET"]}}],"collection":[{"href":"https:\/\/radiofobia.com.br\/podcast\/wp-json\/wp\/v2\/posts"}],"about":[{"href":"https:\/\/radiofobia.com.br\/podcast\/wp-json\/wp\/v2\/types\/post"}],"author":[{"embeddable":true,"href":"https:\/\/radiofobia.com.br\/podcast\/wp-json\/wp\/v2\/users\/2"}],"replies":[{"embeddable":true,"href":"https:\/\/radiofobia.com.br\/podcast\/wp-json\/wp\/v2\/comments?post=91"}],"version-history":[{"count":5,"href":"https:\/\/radiofobia.com.br\/podcast\/wp-json\/wp\/v2\/posts\/91\/revisions"}],"predecessor-version":[{"id":25871,"href":"https:\/\/radiofobia.com.br\/podcast\/wp-json\/wp\/v2\/posts\/91\/revisions\/25871"}],"wp:featuredmedia":[{"embeddable":true,"href":"https:\/\/radiofobia.com.br\/podcast\/wp-json\/wp\/v2\/media\/180"}],"wp:attachment":[{"href":"https:\/\/radiofobia.com.br\/podcast\/wp-json\/wp\/v2\/media?parent=91"}],"wp:term":[{"taxonomy":"category","embeddable":true,"href":"https:\/\/radiofobia.com.br\/podcast\/wp-json\/wp\/v2\/categories?post=91"},{"taxonomy":"post_tag","embeddable":true,"href":"https:\/\/radiofobia.com.br\/podcast\/wp-json\/wp\/v2\/tags?post=91"}],"curies":[{"name":"wp","href":"https:\/\/api.w.org\/{rel}","templated":true}]}}