{"id":9293,"date":"2014-09-24T00:01:06","date_gmt":"2014-09-24T03:01:06","guid":{"rendered":"http:\/\/radiofobia.com.br\/?p=9293"},"modified":"2022-03-14T17:29:52","modified_gmt":"2022-03-14T20:29:52","slug":"radiofobia-almir-marques-entrevista-24-ricardo-schnetzer","status":"publish","type":"post","link":"https:\/\/radiofobia.com.br\/podcast\/2014\/09\/radiofobia-almir-marques-entrevista-24-ricardo-schnetzer\/","title":{"rendered":"RADIOFOBIA &#8211; Almir Marques Entrevista #24 &#8211; Ricardo Schnetzer"},"content":{"rendered":"<p><iframe title=\"RADIOFOBIA \u2013 Almir Marques Entrevista #24 \u2013 Ricardo Schnetzer\" src=\"https:\/\/omny.fm\/shows\/radiofobia-podcast\/radiofobia-almir-marques-entrevista-24-ricardo-sch\/embed\" width=\"100%\" height=\"180\" frameborder=\"0\"><\/iframe><\/p>\n<p><em><strong>Sauda\u00e7\u00f5es, querido ouvinte!<\/strong><\/em><\/p>\n<p>Estamos de volta com nosso acervo &#8220;<strong><a href=\"https:\/\/twitter.com\/almirmarx\" target=\"_blank\" rel=\"noopener\">Almir Marques<\/a>\u00a0Entrevista&#8221;<\/strong>, trazendo um papo transmitido ao vivo pela ondas da\u00a0<strong><a href=\"http:\/\/www.radiofm93.com.br\/#!\/home\" target=\"_blank\" rel=\"noopener\">93 FM de Rio do Sul, Santa Catarina<\/a><\/strong>\u00a0, fruto do trabalho do nosso amigo apaixonado por dublagem, o radialista <strong><a href=\"http:\/\/twitter.com\/almirmarx\" target=\"_blank\" rel=\"noopener\">Almir Marques<\/a><\/strong>!<\/p>\n<p>Neste m\u00eas de setembro, temos o prazer de resgatar um papo gravado em <em>agosto de 2003<\/em> com o <em>ator, dublador e diretor de dublagem<\/em> <a href=\"https:\/\/www.facebook.com\/ricardo.schnetzer1\" target=\"_blank\" rel=\"noopener\"><strong>Ricardo Schnetzer<\/strong><\/a>, certamente uma das vozes mais conhecidas da dublagem brasileira!<\/p>\n<p>Atuando desde 1974, Ricardo foi diretor de dublagem na pioneira e saudosa <strong><a href=\"http:\/\/pt.wikipedia.org\/wiki\/Herbert_Richers\" target=\"_blank\" rel=\"noopener\">Herbert Richers<\/a><\/strong> durante 15 anos, tendo dirigido tamb\u00e9m em outros est\u00fadios. Sua voz \u00e9 bastante conhecida pelo p\u00fablico, j\u00e1 que \u00e9 respons\u00e1vel pela vers\u00e3o brasileira de atores como <em>Nicolas Cage, Al Pacino, Tom Cruise, Richard Gere, Patrick Swayze, John Cusack, Kurt Russel e Daniel Day-Lewis<\/em> na maioria de seus filmes. \u00c9 conhecido tamb\u00e9m pela dublagem do <em>Hank<\/em>, do desenho <em>Caverna do Drag\u00e3o<\/em>, <em>Capit\u00e3o Planeta<\/em>, <em>Mestre Macaco<\/em> nos filmes do <em>Kung Fu Panda<\/em>, <em>Albafica de Peixes<\/em> em <em>Saint Seiya: The Lost Canvas<\/em> e <em>Capit\u00e3o Rex, Comandante Cody e os clones<\/em> na s\u00e9rie animada <em>Star Wars: The Clone Wars<\/em>.<\/p>\n<p>Chegou a hora de conhecer mais um pouco da carreira dos seus dubladores preferidos em \u00a0mais essa entrevista exclusiva do nosso acervo\u00a0<strong>&#8220;Almir Marques Entrevista&#8221;<\/strong>!<\/p>\n<p><center><iframe src=\"\/\/www.youtube.com\/embed\/videoseries?list=PL71ABY8h2Hunj9UMPGA80hsPb6Pin4im3\" width=\"500\" height=\"281\" frameborder=\"0\"><\/iframe><\/center>&nbsp;<\/p>\n<p><strong style=\"color: #990000;\">Acompanhe as atividades do RADIOFOBIA:<\/strong><br \/>\n&#8211; <a href=\"http:\/\/leolop.es\/alotenicafeed\" target=\"_blank\" rel=\"noopener\">Assine o feed do <strong>Al\u00f4 T\u00e9nica!<\/strong><\/a><br \/>\n&#8211; <a href=\"http:\/\/leolop.es\/alotenicaitunes\" target=\"_blank\" rel=\"noopener\">Assine o <strong>Al\u00f4 T\u00e9nica!<\/strong> diretamente no seu iTunes<\/a><br \/>\n&#8211;\u00a0<a href=\"https:\/\/twitter.com\/radiofobia\" target=\"_blank\" rel=\"noopener\">Siga\u00a0<strong>@radiofobia<\/strong>\u00a0no tuV\u00edtter<\/a><br \/>\n&#8211;\u00a0<a href=\"https:\/\/www.facebook.com\/radiofobiapodcast\" target=\"_blank\" rel=\"noopener\">Curta a p\u00e1gina do\u00a0<strong>RADIOFOBIA<\/strong>\u00a0no Facebook<\/a><br \/>\n&#8211;\u00a0<a href=\"https:\/\/www.facebook.com\/radiofobiapm\" target=\"_blank\" rel=\"noopener\">Curta a p\u00e1gina da\u00a0<strong>RADIOFOBIA Podcast e Multim\u00eddia<\/strong>\u00a0no Facebook<\/a><br \/>\n&#8211; <a href=\"https:\/\/www.facebook.com\/alotenica\" target=\"_blank\" rel=\"noopener\">Curta a p\u00e1gina do <strong>Al\u00f4 T\u00e9nica!<\/strong> no Facebook<\/a><\/p>\n<p><strong style=\"color: #990000;\">E-mails:<\/strong><br \/>\n<em>F\u00f3debeques<\/em> dos pogramas ou simples <em>abrax <\/em>e <em>recadalhos<\/em> podem ser enviados para <a title=\"[GMCP] Compose a new mail to podcast@radiofobia.com.br\" href=\"mailto:podcast@radiofobia.com.br\" target=\"blank\" rel=\"noreferrer\">podcast@radiofobia.com.br<\/a>!<\/p>\n<p><span style=\"color: #990000;\"><strong>Ou\u00e7a o R\u00e1diofobia Podcast nos principais agregadores:<\/strong><\/span><br \/>\n&#8211; <strong><a href=\"https:\/\/leolop.es\/rfobia_spotify\" target=\"_blank\" rel=\"noopener noreferrer\">Spotify<\/a><\/strong><br \/>\n&#8211; <strong><a href=\"https:\/\/leolop.es\/rfobia_googlepod\" target=\"_blank\" rel=\"noopener noreferrer\">Google Podcasts<\/a><\/strong><br \/>\n&#8211; <strong><a href=\"https:\/\/http:\/\/leolop.es\/rfitunes\" target=\"_blank\" rel=\"noopener noreferrer\">Apple Podcasts<\/a><\/strong><br \/>\n&#8211; <strong><a href=\"http:\/\/leolop.es\/rfobia_amazon\" target=\"_blank\" rel=\"noopener\">Amazon Music<\/a><\/strong><br \/>\n&#8211; <strong><a href=\"https:\/\/pca.st\/V12f\" target=\"_blank\" rel=\"noopener noreferrer\">PocketCasts<\/a><\/strong><\/p>\n<p><span style=\"color: #990000;\"><strong>Publicidade:<\/strong><\/span><br \/>\n<a href=\"http:\/\/leolop.es\/rfcontato\" target=\"_blank\" rel=\"noopener noreferrer\"><strong>Entre em contato<\/strong><\/a> e saiba como <em>anunciar sua marca, produto ou servi\u00e7o em nossos podcasts<\/em>.<\/p>\n","protected":false},"excerpt":{"rendered":"<p>Este m\u00eas resgatamos um papo gravado em agosto de 2003 com o ator, dublador e diretor de dublagem Ricardo Schnetzer, uma das vozes mais conhecidas da dublagem brasileira!<\/p>\n","protected":false},"author":2,"featured_media":13206,"comment_status":"open","ping_status":"closed","sticky":false,"template":"","format":"standard","meta":{"footnotes":""},"categories":[911,73,86,13],"tags":[789,261,694,81,665,14,15,897],"class_list":["post-9293","post","type-post","status-publish","format-standard","has-post-thumbnail","hentry","category-almir-marques","category-dublagem","category-o-coracao-da-voz","category-podcast","tag-almir-marques","tag-arquivo","tag-dubladores-2","tag-dublagem","tag-o-coracao-da-voz","tag-podcast","tag-radiofobia","tag-ricardo-schnetzer"],"_links":{"self":[{"href":"https:\/\/radiofobia.com.br\/podcast\/wp-json\/wp\/v2\/posts\/9293","targetHints":{"allow":["GET"]}}],"collection":[{"href":"https:\/\/radiofobia.com.br\/podcast\/wp-json\/wp\/v2\/posts"}],"about":[{"href":"https:\/\/radiofobia.com.br\/podcast\/wp-json\/wp\/v2\/types\/post"}],"author":[{"embeddable":true,"href":"https:\/\/radiofobia.com.br\/podcast\/wp-json\/wp\/v2\/users\/2"}],"replies":[{"embeddable":true,"href":"https:\/\/radiofobia.com.br\/podcast\/wp-json\/wp\/v2\/comments?post=9293"}],"version-history":[{"count":4,"href":"https:\/\/radiofobia.com.br\/podcast\/wp-json\/wp\/v2\/posts\/9293\/revisions"}],"predecessor-version":[{"id":26062,"href":"https:\/\/radiofobia.com.br\/podcast\/wp-json\/wp\/v2\/posts\/9293\/revisions\/26062"}],"wp:featuredmedia":[{"embeddable":true,"href":"https:\/\/radiofobia.com.br\/podcast\/wp-json\/wp\/v2\/media\/13206"}],"wp:attachment":[{"href":"https:\/\/radiofobia.com.br\/podcast\/wp-json\/wp\/v2\/media?parent=9293"}],"wp:term":[{"taxonomy":"category","embeddable":true,"href":"https:\/\/radiofobia.com.br\/podcast\/wp-json\/wp\/v2\/categories?post=9293"},{"taxonomy":"post_tag","embeddable":true,"href":"https:\/\/radiofobia.com.br\/podcast\/wp-json\/wp\/v2\/tags?post=9293"}],"curies":[{"name":"wp","href":"https:\/\/api.w.org\/{rel}","templated":true}]}}