{"id":9506,"date":"2014-12-03T00:01:08","date_gmt":"2014-12-03T02:01:08","guid":{"rendered":"http:\/\/radiofobia.com.br\/?p=9506"},"modified":"2022-03-14T17:33:50","modified_gmt":"2022-03-14T20:33:50","slug":"radiofobia-almir-marques-entrevista-26-nelson-machado","status":"publish","type":"post","link":"https:\/\/radiofobia.com.br\/podcast\/2014\/12\/radiofobia-almir-marques-entrevista-26-nelson-machado\/","title":{"rendered":"RADIOFOBIA &#8211; Almir Marques Entrevista #26 &#8211; Nelson Machado"},"content":{"rendered":"<p><iframe title=\"RADIOFOBIA \u2013 Almir Marques Entrevista #26 \u2013 Nelson Machado\" src=\"https:\/\/omny.fm\/shows\/radiofobia-podcast\/radiofobia-almir-marques-entrevista-26-nelson-mach\/embed\" width=\"100%\" height=\"180\" frameborder=\"0\"><\/iframe><\/p>\n<p><em><strong>Sauda\u00e7\u00f5es, querido ouvinte!<\/strong><\/em><\/p>\n<p>Estamos de volta com nosso acervo &#8220;<strong><a href=\"https:\/\/twitter.com\/almirmarx\" target=\"_blank\" rel=\"noopener\">Almir Marques<\/a>\u00a0Entrevista&#8221;<\/strong>, trazendo um papo transmitido ao vivo pela ondas da\u00a0<strong><a href=\"http:\/\/www.radiofm93.com.br\/#!\/home\" target=\"_blank\" rel=\"noopener\">93 FM de Rio do Sul, Santa Catarina<\/a><\/strong>\u00a0, fruto do trabalho do nosso amigo apaixonado por dublagem, o radialista <strong><a href=\"http:\/\/twitter.com\/almirmarx\" target=\"_blank\" rel=\"noopener\">Almir Marques<\/a><\/strong>!<\/p>\n<p>Neste m\u00eas de dezembro, trazemos uma entrevista com o ator, escritor e dubador <a href=\"https:\/\/twitter.com\/Nelson_Machado\" target=\"_blank\" rel=\"noopener\"><strong>Nelson Machado<\/strong><\/a>, um dos mais conhecidos profissionais da dublagem no Brasil!<\/p>\n<p>Al\u00e9m de ser conhecido por todos os f\u00e3s de dublagem como a voz do\u00a0<em>Kiko, do seriado Chaves<\/em>, Nelson tamb\u00e9m empresta constantemente sua voz para atores consagrados tais como <em>Robin Williams, Wesley Snipes, Al Pacino, James Woods, Ben Kingsley, Rowan Atkinson e Michael Douglas<\/em>, al\u00e9m de personagens de <em>anima\u00e7\u00f5es e animes<\/em> tais como <em>Fred Flintstone<\/em>, <em>Glomer (Punky)<\/em> e <em>Darkwing Duck<\/em>!<\/p>\n<p>Chegou o momento\u00a0de ouvir\u00a0mais um papo com um de seus \u00eddolos da dublagem em \u00a0mais essa entrevista exclusiva do nosso acervo\u00a0<strong>&#8220;Almir Marques Entrevista&#8221;<\/strong>!<\/p>\n<p><center><iframe src=\"\/\/www.youtube.com\/embed\/videoseries?list=PL71ABY8h2Hunj9UMPGA80hsPb6Pin4im3\" width=\"500\" height=\"281\" frameborder=\"0\"><\/iframe><\/center>&nbsp;<\/p>\n<p><strong style=\"color: #990000;\">Acompanhe as atividades do RADIOFOBIA:<\/strong><br \/>\n&#8211; <a href=\"http:\/\/leolop.es\/alotenicafeed\" target=\"_blank\" rel=\"noopener\">Assine o feed do <strong>Al\u00f4 T\u00e9nica!<\/strong><\/a><br \/>\n&#8211; <a href=\"http:\/\/leolop.es\/alotenicaitunes\" target=\"_blank\" rel=\"noopener\">Assine o <strong>Al\u00f4 T\u00e9nica!<\/strong> diretamente no seu iTunes<\/a><br \/>\n&#8211;\u00a0<a href=\"https:\/\/twitter.com\/radiofobia\" target=\"_blank\" rel=\"noopener\">Siga\u00a0<strong>@radiofobia<\/strong>\u00a0no tuV\u00edtter<\/a><br \/>\n&#8211;\u00a0<a href=\"https:\/\/www.facebook.com\/radiofobiapodcast\" target=\"_blank\" rel=\"noopener\">Curta a p\u00e1gina do\u00a0<strong>RADIOFOBIA<\/strong>\u00a0no Facebook<\/a><br \/>\n&#8211;\u00a0<a href=\"https:\/\/www.facebook.com\/radiofobiapm\" target=\"_blank\" rel=\"noopener\">Curta a p\u00e1gina da\u00a0<strong>RADIOFOBIA Podcast e Multim\u00eddia<\/strong>\u00a0no Facebook<\/a><br \/>\n&#8211; <a href=\"https:\/\/www.facebook.com\/alotenica\" target=\"_blank\" rel=\"noopener\">Curta a p\u00e1gina do <strong>Al\u00f4 T\u00e9nica!<\/strong> no Facebook<\/a><\/p>\n<p><strong style=\"color: #990000;\">E-mails:<\/strong><br \/>\n<em>F\u00f3debeques<\/em> dos pogramas ou simples <em>abrax <\/em>e <em>recadalhos<\/em> podem ser enviados para <a title=\"[GMCP] Compose a new mail to podcast@radiofobia.com.br\" href=\"mailto:podcast@radiofobia.com.br\" target=\"blank\" rel=\"noreferrer\">podcast@radiofobia.com.br<\/a>!<\/p>\n<p><span style=\"color: #990000;\"><strong>Ou\u00e7a o R\u00e1diofobia Podcast nos principais agregadores:<\/strong><\/span><br \/>\n&#8211; <strong><a href=\"https:\/\/leolop.es\/rfobia_spotify\" target=\"_blank\" rel=\"noopener noreferrer\">Spotify<\/a><\/strong><br \/>\n&#8211; <strong><a href=\"https:\/\/leolop.es\/rfobia_googlepod\" target=\"_blank\" rel=\"noopener noreferrer\">Google Podcasts<\/a><\/strong><br \/>\n&#8211; <strong><a href=\"https:\/\/http:\/\/leolop.es\/rfitunes\" target=\"_blank\" rel=\"noopener noreferrer\">Apple Podcasts<\/a><\/strong><br \/>\n&#8211; <strong><a href=\"http:\/\/leolop.es\/rfobia_amazon\" target=\"_blank\" rel=\"noopener\">Amazon Music<\/a><\/strong><br \/>\n&#8211; <strong><a href=\"https:\/\/pca.st\/V12f\" target=\"_blank\" rel=\"noopener noreferrer\">PocketCasts<\/a><\/strong><\/p>\n<p><span style=\"color: #990000;\"><strong>Publicidade:<\/strong><\/span><br \/>\n<a href=\"http:\/\/leolop.es\/rfcontato\" target=\"_blank\" rel=\"noopener noreferrer\"><strong>Entre em contato<\/strong><\/a> e saiba como <em>anunciar sua marca, produto ou servi\u00e7o em nossos podcasts<\/em>.<\/p>\n","protected":false},"excerpt":{"rendered":"<p>Neste m\u00eas de dezembro, trazemos um papo do acervo do Almir Marques com um dos profissionais de dublagem mais conhecidos do Brasil: Nelson Machado!<\/p>\n","protected":false},"author":2,"featured_media":13199,"comment_status":"open","ping_status":"closed","sticky":false,"template":"","format":"standard","meta":{"footnotes":""},"categories":[911,86,13],"tags":[792,789,261,694,81,908,665,14,15],"class_list":["post-9506","post","type-post","status-publish","format-standard","has-post-thumbnail","hentry","category-almir-marques","category-o-coracao-da-voz","category-podcast","tag-acervo","tag-almir-marques","tag-arquivo","tag-dubladores-2","tag-dublagem","tag-nelson-machado","tag-o-coracao-da-voz","tag-podcast","tag-radiofobia"],"_links":{"self":[{"href":"https:\/\/radiofobia.com.br\/podcast\/wp-json\/wp\/v2\/posts\/9506","targetHints":{"allow":["GET"]}}],"collection":[{"href":"https:\/\/radiofobia.com.br\/podcast\/wp-json\/wp\/v2\/posts"}],"about":[{"href":"https:\/\/radiofobia.com.br\/podcast\/wp-json\/wp\/v2\/types\/post"}],"author":[{"embeddable":true,"href":"https:\/\/radiofobia.com.br\/podcast\/wp-json\/wp\/v2\/users\/2"}],"replies":[{"embeddable":true,"href":"https:\/\/radiofobia.com.br\/podcast\/wp-json\/wp\/v2\/comments?post=9506"}],"version-history":[{"count":4,"href":"https:\/\/radiofobia.com.br\/podcast\/wp-json\/wp\/v2\/posts\/9506\/revisions"}],"predecessor-version":[{"id":26066,"href":"https:\/\/radiofobia.com.br\/podcast\/wp-json\/wp\/v2\/posts\/9506\/revisions\/26066"}],"wp:featuredmedia":[{"embeddable":true,"href":"https:\/\/radiofobia.com.br\/podcast\/wp-json\/wp\/v2\/media\/13199"}],"wp:attachment":[{"href":"https:\/\/radiofobia.com.br\/podcast\/wp-json\/wp\/v2\/media?parent=9506"}],"wp:term":[{"taxonomy":"category","embeddable":true,"href":"https:\/\/radiofobia.com.br\/podcast\/wp-json\/wp\/v2\/categories?post=9506"},{"taxonomy":"post_tag","embeddable":true,"href":"https:\/\/radiofobia.com.br\/podcast\/wp-json\/wp\/v2\/tags?post=9506"}],"curies":[{"name":"wp","href":"https:\/\/api.w.org\/{rel}","templated":true}]}}